{"id":10925,"date":"2013-08-19T08:04:05","date_gmt":"2013-08-19T07:04:05","guid":{"rendered":"http:\/\/kravallslojd.se\/wordpress\/?p=10925"},"modified":"2013-08-21T11:36:12","modified_gmt":"2013-08-21T10:36:12","slug":"10925","status":"publish","type":"post","link":"http:\/\/kravallslojd.se\/wordpress\/?p=10925","title":{"rendered":"Konsten att renovera en gammal \u00e4ngslada, del 1"},"content":{"rendered":"<p><a href=\"http:\/\/kravallslojd.se\/wordpress\/wp-content\/uploads\/2013\/08\/Orenoverad-lada.jpg\" ><img decoding=\"async\" loading=\"lazy\" src=\"http:\/\/kravallslojd.se\/wordpress\/wp-content\/uploads\/2013\/08\/Orenoverad-lada.jpg\" alt=\"Orenoverad lada\" width=\"560\" height=\"460\" class=\"alignnone size-full wp-image-10936\" \/><\/a><\/p>\n<p>Sommaren stora projekt har f\u00f6r mig varit att reparera ett antal \u00e4nglador, n\u00e4rmare best\u00e4mt 5 stycken samt ett gammalt kyrkstall som ursprungligen st\u00e5tt intill kyrkstugorna i kyrkbyn i Norrfj\u00e4rden. Ladorna \u00e4r av tv\u00e5 typer, timrade och spantrade (uppf\u00f6rda av l\u00f6svirke med syllring, stolpar och br\u00e4dfodring). Timrade lador har den f\u00f6rdelen att hela konstruktionen hj\u00e4lper till att h\u00e5lla den samman. Spantrade blir mycket klena s\u00e5 snart syllringen ruttnat. Timrade lador klarar d\u00e4rf\u00f6r av ett betydligt st\u00f6rre f\u00f6rfall.<\/p>\n<p>Jag t\u00e4nkte b\u00f6rja med att beskriva hur man restaurerar en s\u00e5dan lada. D\u00e5 jag saknar erfarenhet av denna typ av verksamhet, jag \u00e4r i grunden civilingenj\u00f6r, var det material som L\u00e4nsstyrelsen gav mig mycket v\u00e4rdefullt. Ibland r\u00e4ckte dock inte det och d\u00e5 fick jag ta mig en rej\u00e4l funderare. Vill man se hur samtliga lador tedde sig i vinterskrud n\u00e4r de invernterades, klickar man <a target=\"_blank\" href=\"http:\/\/www.ravjagarn.se\/blogg\/2012\/12\/hemmansagaren-i-norrbotten-del-15\/\" >h\u00e4r<\/a>.<\/p>\n<p>P\u00e5 bilden ovan ses en av ladorna n\u00e4r den precis blivit upplyft med hj\u00e4lp av en baklastare.\u00a0Den stora \u00f6ppningen \u00e4r inte ursprunglig utan resultatet av att man n\u00e5gon g\u00e5ng, troligtvis p\u00e5 50-talet, s\u00e5gat upp den f\u00f6r att kunna lasta in h\u00f6et med traktorn. D\u00e5 syllstocken ruttnat fanns det inte l\u00e4ngre n\u00e5got som h\u00e5ller den samman vilket l\u00e4t kan bli \u00f6desdigert f\u00f6r konstruktionen. Marken som ladan st\u00e5r p\u00e5 \u00e4r lerig ty ett halvt igenlagt dike passerar under. F\u00f6r att f\u00f6rs\u00e4kra mig om att ladan verkligen skulle st\u00e5 kvar, satte jag en betongplatta under varje h\u00f6rn som f\u00e5r tj\u00e4na till underlag f\u00f6r h\u00f6rnstenarna.<\/p>\n<p><a href=\"http:\/\/kravallslojd.se\/wordpress\/wp-content\/uploads\/2013\/08\/Stockar-som-skall-barkas.jpg\" ><img decoding=\"async\" loading=\"lazy\" src=\"http:\/\/kravallslojd.se\/wordpress\/wp-content\/uploads\/2013\/08\/Stockar-som-skall-barkas.jpg\" alt=\"Stockar som skall barkas\" width=\"560\" height=\"460\" class=\"alignnone size-full wp-image-10938\" \/><\/a><\/p>\n<p>N\u00e4sta steg var att f\u00e4lla tr\u00e4d, furor, och kapa och barka stockarna. Bsrkar g\u00f6r man med en barkspade och det \u00e4r faktiskt inte sv\u00e5rt alls, \u00e5tminstone inte om tr\u00e4det \u00e4r nyf\u00e4llt eller om det legat ute i regnet. Flottade stockar m\u00e5ste ha varit perfekta att barka! Med barkspadens hj\u00e4lp \u00e4r det n\u00e4stan som att skala en morot.<\/p>\n<p>N\u00e4r stocken \u00e4r f\u00e4rdigbarkad och ordentligt m\u00e4tt, \u00e4r det dags bila dem. Lador \u00e4r ofta timrade av lindrigt bilat timmer, i vissa fall av rundtimmer. F\u00e5r att ge stockarna en mer kvadratisk form f\u00e5r man hugga till dem med en bilyxa eller i v\u00e4rsta fall en vanlig yxa, men det \u00e4r inte idealt. Jag saknar bilyxa och tog d\u00e4rf\u00f6r yxan till hj\u00e4lp vilket var r\u00e4tt slitsamt. Tack och lov var de flesta stockar jag bytte t\u00e4mligen runda s\u00e5 det kr\u00e4vdes ingen o\u00f6verstiglig insats.<\/p>\n<p>Forts\u00e4ttning f\u00f6ljer!<\/p>\n<p>Gustav Bergstr\u00f6m<br \/>\nsom vanligtvis skriver p\u00e5 <a target=\"_blank\" href=\"http:\/\/www.ravjagarn.se\" >http:\/\/www.ravjagarn.se<\/a><\/p>\n","protected":false},"excerpt":{"rendered":"<p>Sommaren stora projekt har f\u00f6r mig varit att reparera ett antal \u00e4nglador, n\u00e4rmare best\u00e4mt 5 stycken samt ett gammalt kyrkstall som ursprungligen st\u00e5tt intill kyrkstugorna i kyrkbyn i Norrfj\u00e4rden. Ladorna \u00e4r av tv\u00e5 typer, timrade och spantrade (uppf\u00f6rda av l\u00f6svirke med syllring, stolpar och br\u00e4dfodring). Timrade lador har den f\u00f6rdelen att hela konstruktionen hj\u00e4lper till [&hellip;]<\/p>\n","protected":false},"author":248,"featured_media":0,"comment_status":"open","ping_status":"open","sticky":false,"template":"","format":"standard","meta":[],"categories":[1309],"tags":[428,1310,535],"_links":{"self":[{"href":"http:\/\/kravallslojd.se\/wordpress\/index.php?rest_route=\/wp\/v2\/posts\/10925"}],"collection":[{"href":"http:\/\/kravallslojd.se\/wordpress\/index.php?rest_route=\/wp\/v2\/posts"}],"about":[{"href":"http:\/\/kravallslojd.se\/wordpress\/index.php?rest_route=\/wp\/v2\/types\/post"}],"author":[{"embeddable":true,"href":"http:\/\/kravallslojd.se\/wordpress\/index.php?rest_route=\/wp\/v2\/users\/248"}],"replies":[{"embeddable":true,"href":"http:\/\/kravallslojd.se\/wordpress\/index.php?rest_route=%2Fwp%2Fv2%2Fcomments&post=10925"}],"version-history":[{"count":12,"href":"http:\/\/kravallslojd.se\/wordpress\/index.php?rest_route=\/wp\/v2\/posts\/10925\/revisions"}],"predecessor-version":[{"id":10970,"href":"http:\/\/kravallslojd.se\/wordpress\/index.php?rest_route=\/wp\/v2\/posts\/10925\/revisions\/10970"}],"wp:attachment":[{"href":"http:\/\/kravallslojd.se\/wordpress\/index.php?rest_route=%2Fwp%2Fv2%2Fmedia&parent=10925"}],"wp:term":[{"taxonomy":"category","embeddable":true,"href":"http:\/\/kravallslojd.se\/wordpress\/index.php?rest_route=%2Fwp%2Fv2%2Fcategories&post=10925"},{"taxonomy":"post_tag","embeddable":true,"href":"http:\/\/kravallslojd.se\/wordpress\/index.php?rest_route=%2Fwp%2Fv2%2Ftags&post=10925"}],"curies":[{"name":"wp","href":"https:\/\/api.w.org\/{rel}","templated":true}]}}