{"id":12295,"date":"2014-05-04T18:27:43","date_gmt":"2014-05-04T17:27:43","guid":{"rendered":"http:\/\/kravallslojd.se\/wordpress\/?p=12295"},"modified":"2014-05-04T18:27:43","modified_gmt":"2014-05-04T17:27:43","slug":"slojdinkubator-2013-14-avslutas-i-umea-20-maj","status":"publish","type":"post","link":"http:\/\/kravallslojd.se\/wordpress\/?p=12295","title":{"rendered":"Sl\u00f6jdinkubator 2013-14 avslutas i Ume\u00e5 20 Maj"},"content":{"rendered":"<p>Vi \u00e4r en grupp p\u00e5 10 professionella sl\u00f6jdare och formgivare som ing\u00e5r i ett projekt<br \/>\nkallat Sl\u00f6jdinkubator som N\u00e4mnden f\u00f6r hemsl\u00f6jdsfr\u00e5gor samordnar med st\u00f6d fr\u00e5n<br \/>\nTillv\u00e4xtverket, Jordbruksverket och kulturdepartementet. Sl\u00f6jdinkubator syftar till att<br \/>\nutveckla v\u00e5ra egna verksamheter och st\u00e4rka sl\u00f6jden i Sverige.<\/p>\n<p>&nbsp;<\/p>\n<p>Om oss:<br \/>\nSL\u00d6JDINKUBATOR 2013-2014 \u00e4r en nationell, platsobunden inkubator f\u00f6r unga<br \/>\nsl\u00f6jdare\/designer\/hantverkare som ges m\u00f6jlighet att hitta sitt unika<br \/>\nverksamhetsomr\u00e5de och rustas f\u00f6r ett f\u00f6retagande eller yrkesliv med sl\u00f6jd och<br \/>\nhantverk. Sl\u00f6jdinkubator har 10 deltagare som under utbildningen kommer att tr\u00e4ffas<br \/>\nvid fyra tillf\u00e4llen p\u00e5 fyra olika platser i landet.<br \/>\nTr\u00e4ffarna inneh\u00e5ller inspirationsf\u00f6rel\u00e4sningar, sl\u00f6jdworkshops och uppdrag fr\u00e5n<br \/>\nexterna best\u00e4llare samt aff\u00e4rskunskap. Deltagarna knyter en kommersiell fadder till<br \/>\nsig under perioden.<\/p>\n<p>Vi som deltar \u00e4r:<\/p>\n<p>Sophia Lithell, Lotta Lampa, Petra Eriksson, Emma Frost, Julia Gamborg Nielsen,<br \/>\nDaniela Yevenes Zagal, Per Ingvad, Frej Lonnfors, Anton Sj\u00f6st\u00f6m &amp; Felix Wink.<\/p>\n<p>Projektledare \u00e4r:<br \/>\nSara Berg, Mats Reinhold, Marie Fagerlind &amp; Rebecca Ahlstedt.<br \/>\nUnder kulturhuvudstads\u00e5ret kommer vi anordna en Sl\u00f6jdproving. Ett nytt s\u00e4tt att visa<br \/>\nupp och konsumera hantverk. Idag vill m\u00e5nga vara delaktig i skapandet av det man<br \/>\nkonsumerar. Vi anknyter till det nutida och stora intresset f\u00f6r hantverk och<br \/>\nsj\u00e4lvhush\u00e5llning. Genom att f\u00f6ra samman sl\u00f6jd och mathantverk skapar vi delaktighet<br \/>\noch sammanhang. P\u00e5 detta s\u00e4tt skapar vi gemensamt f\u00f6rst\u00e5else f\u00f6r v\u00e4rdet av gott<br \/>\nhantverk.<\/p>\n<p>Vi har inlett ett samarbete med delikatessbutik och restaurang DU\u00c5 samt \u00e4ven<br \/>\ninvolverat andra s\u00e5 som Kulturbageriet och andra akt\u00f6rer runt en nybyggd innerg\u00e5rd i Ume\u00e5.<\/p>\n<p>Under evenemangs tillf\u00e4llena kommer det finnas m\u00f6jlighet att prova p\u00e5 olika typer av<br \/>\nsl\u00f6jdtekniker och provsmaka olika typer av mathantverk. I samband med provningen<br \/>\nkommer det ocks\u00e5 finnas v\u00e5ra formgivna produkter kring det givna temat<br \/>\nmathantverk.<\/p>\n<p>&nbsp;<\/p>\n<p>&nbsp;<\/p>\n<p>Stay tuned, mer info kommer upp den n\u00e4rmaste tiden.<\/p>\n<p>Tackar och bockar f\u00f6r denna vecka p\u00e5 kravallsl\u00f6jd,\u00a0allt gott!<\/p>\n<p>&nbsp;<\/p>\n<p>Anton Sj\u00f6str\u00f6m<\/p>\n<p>www.antonsjostrom.com<\/p>\n<p>&nbsp;<\/p>\n","protected":false},"excerpt":{"rendered":"<p>Vi \u00e4r en grupp p\u00e5 10 professionella sl\u00f6jdare och formgivare som ing\u00e5r i ett projekt kallat Sl\u00f6jdinkubator som N\u00e4mnden f\u00f6r hemsl\u00f6jdsfr\u00e5gor samordnar med st\u00f6d fr\u00e5n Tillv\u00e4xtverket, Jordbruksverket och kulturdepartementet. Sl\u00f6jdinkubator syftar till att utveckla v\u00e5ra egna verksamheter och st\u00e4rka sl\u00f6jden i Sverige. &nbsp; Om oss: SL\u00d6JDINKUBATOR 2013-2014 \u00e4r en nationell, platsobunden inkubator f\u00f6r unga sl\u00f6jdare\/designer\/hantverkare [&hellip;]<\/p>\n","protected":false},"author":263,"featured_media":0,"comment_status":"open","ping_status":"open","sticky":false,"template":"","format":"standard","meta":[],"categories":[1511],"tags":[1514,722,1505,1504],"_links":{"self":[{"href":"http:\/\/kravallslojd.se\/wordpress\/index.php?rest_route=\/wp\/v2\/posts\/12295"}],"collection":[{"href":"http:\/\/kravallslojd.se\/wordpress\/index.php?rest_route=\/wp\/v2\/posts"}],"about":[{"href":"http:\/\/kravallslojd.se\/wordpress\/index.php?rest_route=\/wp\/v2\/types\/post"}],"author":[{"embeddable":true,"href":"http:\/\/kravallslojd.se\/wordpress\/index.php?rest_route=\/wp\/v2\/users\/263"}],"replies":[{"embeddable":true,"href":"http:\/\/kravallslojd.se\/wordpress\/index.php?rest_route=%2Fwp%2Fv2%2Fcomments&post=12295"}],"version-history":[{"count":1,"href":"http:\/\/kravallslojd.se\/wordpress\/index.php?rest_route=\/wp\/v2\/posts\/12295\/revisions"}],"predecessor-version":[{"id":12296,"href":"http:\/\/kravallslojd.se\/wordpress\/index.php?rest_route=\/wp\/v2\/posts\/12295\/revisions\/12296"}],"wp:attachment":[{"href":"http:\/\/kravallslojd.se\/wordpress\/index.php?rest_route=%2Fwp%2Fv2%2Fmedia&parent=12295"}],"wp:term":[{"taxonomy":"category","embeddable":true,"href":"http:\/\/kravallslojd.se\/wordpress\/index.php?rest_route=%2Fwp%2Fv2%2Fcategories&post=12295"},{"taxonomy":"post_tag","embeddable":true,"href":"http:\/\/kravallslojd.se\/wordpress\/index.php?rest_route=%2Fwp%2Fv2%2Ftags&post=12295"}],"curies":[{"name":"wp","href":"https:\/\/api.w.org\/{rel}","templated":true}]}}