{"id":13486,"date":"2015-04-14T08:48:17","date_gmt":"2015-04-14T06:48:17","guid":{"rendered":"http:\/\/kravallslojd.se\/wordpress\/?p=13486"},"modified":"2015-04-14T08:48:17","modified_gmt":"2015-04-14T06:48:17","slug":"slojdresan","status":"publish","type":"post","link":"http:\/\/kravallslojd.se\/wordpress\/?p=13486","title":{"rendered":"#Sl\u00f6jdresan"},"content":{"rendered":"<p>Ja nu \u00e4r jag h\u00e4r igen! Fick just veta att\u00a0det snart \u00e4r dags f\u00f6r Kravallsl\u00f6jds 8 \u00e5rs kalas. Var d\u00e4rf\u00f6r tvungen att kolla efter n\u00e4r jag bloggade h\u00e4r f\u00f6rsta g\u00e5ngen, och det var i augusti 2008.<\/p>\n<p>S\u00e5 givetvis har en hel del h\u00e4nt p\u00e5 sl\u00f6jdfronten f\u00f6r mig sedan dess. D\u00e5 var jag en relativt ny egenf\u00f6retagare, jag startade Limmo-design 2006, nu har jag drivit ett eget f\u00f6retag i 9 \u00e5r och b\u00f6rjar mer och mer landa i hur min nisch ser ut, hur jag vill arbeta och med vad. \u00c4ven om det \u00e4r n\u00e5got som st\u00e4ndigt f\u00f6r\u00e4ndras och utvecklas givetvis.<\/p>\n<p>Den st\u00f6rsta skillnaden nu mot 2008 \u00e4r hur mycket tydligare min inriktning mot har blivit. Jag har alltid varit intresserad av att arbeta med garner men fr\u00e5n och med att jag b\u00f6rjade spinna och f\u00e4rga sj\u00e4lv har det intresset vidgats. Fr\u00e5n att s\u00e4ga n\u00e5got vagt om att &#8221; ja jag stickar, v\u00e4ver och syr en del&#8221; s\u00e5 jobbar jag idag med textila fibrer och hela processen fr\u00e5n r\u00e5fiber till f\u00e4rdig produkt.<\/p>\n<p>Sedan till en annan sl\u00f6jdresa, n\u00e4rmare best\u00e4mt #sl\u00f6jdresan. Jag liksom m\u00e5nga andra befinner mig p\u00e5 instagram, i mitt fall under @limmodesign. Och det \u00e4r en st\u00e4ndig k\u00e4lla till inspiration, tidsf\u00f6rdriv och inte minst att bygga n\u00e4tverk med likasinnade i hela landet och hela landet. Tack vare instagram kan jag numera exempelvis f\u00e5 tag i ull fr\u00e5n en v\u00e4ldigt s\u00e4llsynt f\u00e5rras i Estland eller h\u00e5lla koll p\u00e5 de senaste garntrenderna i New York.<\/p>\n<p>I en s\u00e5dan instagramdiskussion uppstod i l\u00f6rdags en id\u00e9. @clarastickar visade upp hur hon och hennes nya kn\u00e4pph\u00e4rvel var ute och \u00e5kte sp\u00e5rvagn. En konstig f\u00f6reteelse f\u00f6r m\u00e5nga oinsatta men f\u00f6r oss som jobbar med hantverk helt naturligt, hur ska man annars frakta sina sl\u00f6jdredskap?<\/p>\n<p>Sj\u00e4lv ska jag erk\u00e4nna att n\u00e4r jag ska resa n\u00e5gonstans s\u00e5 anv\u00e4nder jag oh\u00e4lsosamt mycket tid innan f\u00f6r att planera min resestickning. Vad ska jag sticka? Hur mycket garn ska jag ha med? Kanske b\u00e4st jag tar lite mer extra garn? Och det hela slutar vanligtvis att min stickpackning \u00e4r betydligt st\u00f6rre \u00e4n packningen med kl\u00e4der och annat on\u00f6digt.<\/p>\n<p><div id=\"attachment_13491\" style=\"width: 280px\" class=\"wp-caption alignright\"><a href=\"http:\/\/kravallslojd.se\/wordpress\/wp-content\/uploads\/2015\/04\/11160435_10153334013126264_633102985_n.jpg\" ><img aria-describedby=\"caption-attachment-13491\" decoding=\"async\" loading=\"lazy\" class=\"size-medium wp-image-13491\" src=\"http:\/\/kravallslojd.se\/wordpress\/wp-content\/uploads\/2015\/04\/11160435_10153334013126264_633102985_n-270x300.jpg\" alt=\"#sl\u00f6jdresan\" width=\"270\" height=\"300\" \/><\/a><p id=\"caption-attachment-13491\" class=\"wp-caption-text\">#sl\u00f6jdresan<\/p><\/div><\/p>\n<p>Jag reser f\u00f6rutom med stickningen ofta \u00e4ven med spinnrockar. Ja, \u00e4ven i plural. \u00c5ker jag till mina f\u00f6r\u00e4ldrar en helg, ja det skulle k\u00e4nnas naket och tomt att inte spinna p\u00e5 en hel helg. Ibland handlar det om f\u00f6rel\u00e4sningar, kurser och workshops jag h\u00e5ller i och d\u00e5 beh\u00f6ver n\u00e5gon eller n\u00e5gra av spinnrockarna f\u00f6lja med.<\/p>\n<p>Hur packar man d\u00e5 en spinnrock p\u00e5 b\u00e4sta s\u00e4tt? Eftersom jag fr\u00e4mst anv\u00e4nder mig av h\u00f6grockar s\u00e5 \u00e4r jag av \u00e5sikten att de b\u00e4st och v\u00e4rdigast \u00e5ker st\u00e5ende p\u00e5 ett av bils\u00e4tena, v\u00e4l fastsp\u00e4nd med s\u00e4kerhetsb\u00e4ltet. Till mitt f\u00f6rtret har jag hittills aldrig blivit stoppad n\u00e4r jag och spinnrockarna f\u00e4rdas p\u00e5 det s\u00e4ttet, jag undrar vad reaktionen skulle bli?<\/p>\n<p>S\u00e5 nu finns hashtaggen #sl\u00f6jdresan. Tagga dina sl\u00f6jdiga resor s\u00e5 vi kan inspireras av varandra!<\/p>\n<h2><\/h2>\n","protected":false},"excerpt":{"rendered":"<p>Ja nu \u00e4r jag h\u00e4r igen! Fick just veta att\u00a0det snart \u00e4r dags f\u00f6r Kravallsl\u00f6jds 8 \u00e5rs kalas. Var d\u00e4rf\u00f6r tvungen att kolla efter n\u00e4r jag bloggade h\u00e4r f\u00f6rsta g\u00e5ngen, och det var i augusti 2008. S\u00e5 givetvis har en hel del h\u00e4nt p\u00e5 sl\u00f6jdfronten f\u00f6r mig sedan dess. D\u00e5 var jag en relativt ny [&hellip;]<\/p>\n","protected":false},"author":88,"featured_media":0,"comment_status":"open","ping_status":"open","sticky":false,"template":"","format":"standard","meta":[],"categories":[50],"tags":[1219,1760],"_links":{"self":[{"href":"http:\/\/kravallslojd.se\/wordpress\/index.php?rest_route=\/wp\/v2\/posts\/13486"}],"collection":[{"href":"http:\/\/kravallslojd.se\/wordpress\/index.php?rest_route=\/wp\/v2\/posts"}],"about":[{"href":"http:\/\/kravallslojd.se\/wordpress\/index.php?rest_route=\/wp\/v2\/types\/post"}],"author":[{"embeddable":true,"href":"http:\/\/kravallslojd.se\/wordpress\/index.php?rest_route=\/wp\/v2\/users\/88"}],"replies":[{"embeddable":true,"href":"http:\/\/kravallslojd.se\/wordpress\/index.php?rest_route=%2Fwp%2Fv2%2Fcomments&post=13486"}],"version-history":[{"count":3,"href":"http:\/\/kravallslojd.se\/wordpress\/index.php?rest_route=\/wp\/v2\/posts\/13486\/revisions"}],"predecessor-version":[{"id":13492,"href":"http:\/\/kravallslojd.se\/wordpress\/index.php?rest_route=\/wp\/v2\/posts\/13486\/revisions\/13492"}],"wp:attachment":[{"href":"http:\/\/kravallslojd.se\/wordpress\/index.php?rest_route=%2Fwp%2Fv2%2Fmedia&parent=13486"}],"wp:term":[{"taxonomy":"category","embeddable":true,"href":"http:\/\/kravallslojd.se\/wordpress\/index.php?rest_route=%2Fwp%2Fv2%2Fcategories&post=13486"},{"taxonomy":"post_tag","embeddable":true,"href":"http:\/\/kravallslojd.se\/wordpress\/index.php?rest_route=%2Fwp%2Fv2%2Ftags&post=13486"}],"curies":[{"name":"wp","href":"https:\/\/api.w.org\/{rel}","templated":true}]}}