{"id":141,"date":"2007-07-11T22:14:09","date_gmt":"2007-07-11T20:14:09","guid":{"rendered":"http:\/\/kravallslojd.se\/bloggen\/?p=170"},"modified":"2007-07-11T22:14:09","modified_gmt":"2007-07-11T20:14:09","slug":"dansk-och-svensk-vavning","status":"publish","type":"post","link":"http:\/\/kravallslojd.se\/wordpress\/?p=141","title":{"rendered":"Dansk och svensk v\u00e4vning"},"content":{"rendered":"<p>Som alltid n\u00e4r jag m\u00f6ter danska v\u00e4vare funderar jag \u00f6ver skillnaden mellan dansk och svensk v\u00e4vning. F\u00f6rsta g\u00e5ngen jag p\u00e5 allvar s\u00e5g vad danska v\u00e4vare \u00e5stadkommer var p\u00e5 en utst\u00e4llning som Midtsj\u00e6llands v\u00e6vekreds annordnade tillsammans med Vi V\u00e4vare i   Sk\u00e5ne. De danska v\u00e4varna hade v\u00e4vt flotta bekl\u00e4dnadstyger med ett fantastiskt fall och med f\u00f6r oss ovanliga garner, en med inslag av kassettband! De svenska v\u00e4varna hade satsat p\u00e5 att sy upp kuddar av sina tyger. Deras tyger var lika vackra, men betydligt mer traditionella. Det h\u00e4r visade tydligt den skillnad jag sedan sett mellan dansk och svensk v\u00e4vning. N\u00e4r jag fr\u00e5gat danskarna vad det beror p\u00e5 svarade de att eftersom v\u00e4vningen i hemmen f\u00f6rsvann i Danmark s\u00e5 har de inte en obruten traditionen som vi svenskar. \u201dVi \u00e4r lite mer anarkistiska\u201d sade n\u00e5gon.<\/p>\n<p>Tradtionen kan var en styrka, men ocks\u00e5 en begr\u00e4nsning. Vi har en hel del att l\u00e4ra av de danska v\u00e4varna n\u00e4r det g\u00e4ller att ta ut sv\u00e4ngarna. F\u00f6rra \u00e5ret gav Midsj\u00e6llands v\u00e6vekreds ut en bok med m\u00e5nga av sina v\u00e4var \u2013 V\u00e6vning for Venus. I h\u00f6st kommer Lotte Dalgaard ut med en bok som handlar om de m\u00e5nga nya garner som nu finns p\u00e5 marknaden \u2013 \u00e5tminstone i Danmark! Boken heter Magiske Materialer.<\/p>\n","protected":false},"excerpt":{"rendered":"<p>Som alltid n\u00e4r jag m\u00f6ter danska v\u00e4vare funderar jag \u00f6ver skillnaden mellan dansk och svensk v\u00e4vning. F\u00f6rsta g\u00e5ngen jag p\u00e5 allvar s\u00e5g vad danska v\u00e4vare \u00e5stadkommer var p\u00e5 en utst\u00e4llning som Midtsj\u00e6llands v\u00e6vekreds annordnade tillsammans med Vi V\u00e4vare i Sk\u00e5ne. De danska v\u00e4varna hade v\u00e4vt flotta bekl\u00e4dnadstyger med ett fantastiskt fall och med f\u00f6r oss [&hellip;]<\/p>\n","protected":false},"author":28,"featured_media":0,"comment_status":"open","ping_status":"closed","sticky":false,"template":"","format":"standard","meta":[],"categories":[93],"tags":[],"_links":{"self":[{"href":"http:\/\/kravallslojd.se\/wordpress\/index.php?rest_route=\/wp\/v2\/posts\/141"}],"collection":[{"href":"http:\/\/kravallslojd.se\/wordpress\/index.php?rest_route=\/wp\/v2\/posts"}],"about":[{"href":"http:\/\/kravallslojd.se\/wordpress\/index.php?rest_route=\/wp\/v2\/types\/post"}],"author":[{"embeddable":true,"href":"http:\/\/kravallslojd.se\/wordpress\/index.php?rest_route=\/wp\/v2\/users\/28"}],"replies":[{"embeddable":true,"href":"http:\/\/kravallslojd.se\/wordpress\/index.php?rest_route=%2Fwp%2Fv2%2Fcomments&post=141"}],"version-history":[{"count":0,"href":"http:\/\/kravallslojd.se\/wordpress\/index.php?rest_route=\/wp\/v2\/posts\/141\/revisions"}],"wp:attachment":[{"href":"http:\/\/kravallslojd.se\/wordpress\/index.php?rest_route=%2Fwp%2Fv2%2Fmedia&parent=141"}],"wp:term":[{"taxonomy":"category","embeddable":true,"href":"http:\/\/kravallslojd.se\/wordpress\/index.php?rest_route=%2Fwp%2Fv2%2Fcategories&post=141"},{"taxonomy":"post_tag","embeddable":true,"href":"http:\/\/kravallslojd.se\/wordpress\/index.php?rest_route=%2Fwp%2Fv2%2Ftags&post=141"}],"curies":[{"name":"wp","href":"https:\/\/api.w.org\/{rel}","templated":true}]}}