{"id":158,"date":"2007-07-26T22:09:36","date_gmt":"2007-07-26T20:09:36","guid":{"rendered":"http:\/\/kravallslojd.se\/bloggen\/?p=190"},"modified":"2007-07-26T22:09:36","modified_gmt":"2007-07-26T20:09:36","slug":"berom-eller-klander","status":"publish","type":"post","link":"http:\/\/kravallslojd.se\/wordpress\/?p=158","title":{"rendered":"Ber\u00f6m eller klander"},"content":{"rendered":"<p>P\u00e5 mitt jobb har jag det ganska bra. S\u00e5 pass bra att jag kan sitta och sl\u00f6jda som en del av mina dagliga uppgifter. Detta \u00e4r ju givetvis alldeles f\u00f6rtr\u00e4ffligt. Men jag vill ju gn\u00e4lla lite s\u00e5 nu m\u00e5ste jag p\u00e5peka att det inte \u00e4r helt friktionsfritt alla g\u00e5nger.<\/p>\n<p>Att sitta och sl\u00f6jda p\u00e5 jobbet \u00e4r bra. Det inbjuder n\u00e4mligen till samtal med bes\u00f6karna.\u00a0 Men hur kommer d\u00e5 bes\u00f6karna att reagera? Kommentaren &#8221;d\u00e4r sitter Emil i L\u00f6nneberga&#8221; f\u00e5r mig att rysa var g\u00e5ng. Jag h\u00f6r den n\u00e5gra g\u00e5nger per dag. Sen verkar vissa bli lite arga \u00f6ver det faktum att jag sitter och snider. En annan variant \u00e4r den mer ifr\u00e5gas\u00e4ttande. &#8221;Vad g\u00f6r du och varf\u00f6r, ska det verkligen anv\u00e4ndas till n\u00e5got, ja vissa har det bra&#8221;, s\u00e5 kan det l\u00e5ta. Vad kan man ge f\u00f6r listigt svar p\u00e5 det.&#8221;Ja, det h\u00e4r ska bli en n\u00e5l som man n\u00e5lbinder med&#8221;, b\u00e4ttre \u00e4n s\u00e5 kan jag inte f\u00e5 till det. Jag framst\u00e5r s\u00e4kert inte som trov\u00e4rdig n\u00e4r jag s\u00e4ger det, men det \u00e4r ju sant. Det ska bara bli en liten n\u00e5l av tr\u00e4. Men med lite tur kommer dagen d\u00e5r jag sl\u00f6jdar ett rymdskepp.<\/p>\n<p>Massor med \u00e4ring och fred.<\/p>\n<p>\/H<\/p>\n","protected":false},"excerpt":{"rendered":"<p>P\u00e5 mitt jobb har jag det ganska bra. S\u00e5 pass bra att jag kan sitta och sl\u00f6jda som en del av mina dagliga uppgifter. Detta \u00e4r ju givetvis alldeles f\u00f6rtr\u00e4ffligt. Men jag vill ju gn\u00e4lla lite s\u00e5 nu m\u00e5ste jag p\u00e5peka att det inte \u00e4r helt friktionsfritt alla g\u00e5nger. Att sitta och sl\u00f6jda p\u00e5 jobbet [&hellip;]<\/p>\n","protected":false},"author":30,"featured_media":0,"comment_status":"open","ping_status":"closed","sticky":false,"template":"","format":"standard","meta":[],"categories":[29],"tags":[],"_links":{"self":[{"href":"http:\/\/kravallslojd.se\/wordpress\/index.php?rest_route=\/wp\/v2\/posts\/158"}],"collection":[{"href":"http:\/\/kravallslojd.se\/wordpress\/index.php?rest_route=\/wp\/v2\/posts"}],"about":[{"href":"http:\/\/kravallslojd.se\/wordpress\/index.php?rest_route=\/wp\/v2\/types\/post"}],"author":[{"embeddable":true,"href":"http:\/\/kravallslojd.se\/wordpress\/index.php?rest_route=\/wp\/v2\/users\/30"}],"replies":[{"embeddable":true,"href":"http:\/\/kravallslojd.se\/wordpress\/index.php?rest_route=%2Fwp%2Fv2%2Fcomments&post=158"}],"version-history":[{"count":0,"href":"http:\/\/kravallslojd.se\/wordpress\/index.php?rest_route=\/wp\/v2\/posts\/158\/revisions"}],"wp:attachment":[{"href":"http:\/\/kravallslojd.se\/wordpress\/index.php?rest_route=%2Fwp%2Fv2%2Fmedia&parent=158"}],"wp:term":[{"taxonomy":"category","embeddable":true,"href":"http:\/\/kravallslojd.se\/wordpress\/index.php?rest_route=%2Fwp%2Fv2%2Fcategories&post=158"},{"taxonomy":"post_tag","embeddable":true,"href":"http:\/\/kravallslojd.se\/wordpress\/index.php?rest_route=%2Fwp%2Fv2%2Ftags&post=158"}],"curies":[{"name":"wp","href":"https:\/\/api.w.org\/{rel}","templated":true}]}}