{"id":170,"date":"2007-08-07T21:44:46","date_gmt":"2007-08-07T19:44:46","guid":{"rendered":"http:\/\/kravallslojd.se\/bloggen\/?p=205"},"modified":"2007-08-07T21:44:46","modified_gmt":"2007-08-07T19:44:46","slug":"vaggbonadens-aterkomst","status":"publish","type":"post","link":"http:\/\/kravallslojd.se\/wordpress\/?p=170","title":{"rendered":"V\u00e4ggbonadens \u00e5terkomst"},"content":{"rendered":"<p>En profetia om n\u00e4sta stora inredningsdetalj s\u00e4ger att v\u00e4ggbonaden kommer att komma starkt. Det \u00e4r underbart med bonader med kloka ord som man ser varje dag och som ger en p\u00e5minnelse om vad som \u00e4r v\u00e4sentligt h\u00e4r i livet. F\u00f6r tv\u00e5 \u00e5r sedan n\u00e4r jag och VeO gick andra \u00e5ret p\u00e5 v\u00e5r v\u00e4vutbildning hade vi ett projekt d\u00e4r vi v\u00e4vde ordspr\u00e5ksbonader i damast. Det blev fem olika (varav en vi uppt\u00e4ckte, n\u00e4r den var f\u00e4rdigv\u00e4vd, att den var felstavad och f\u00f6rpassades till m\u00e5ndagsexemplarsl\u00e5dan). Detta har sedan f\u00f6ljt mig och f\u00f6rvridna ordspr\u00e5k har utvecklats till ett trevligt intresse.<br \/>\nDagen efter min v\u00e4n Evas br\u00f6llop f\u00f6r en m\u00e5nad sedan kom fr\u00e5n henne sms:et <em>Lagom \u00e4r f\u00f6r lite<\/em>. Det \u00e4r numera ett av mina motton och broderades f\u00f6rra veckan med r\u00f6da korsstygn p\u00e5 en bit lakan som ska f\u00e5 pryda sin plats p\u00e5 v\u00e4ggen. I natt n\u00e4r jag \u00e5kte buss blev en bonad klar med uppmaningen <em>Handla!<\/em> och 2007 \u00e5rs favorit, 70-talsdevisen <em>Tillsammans \u00e4r vi starka<\/em> p\u00e5b\u00f6rjades. Ni ska f\u00e5 se bilder p\u00e5 de sm\u00e5 underverken men det f\u00e5r bli n\u00e5gon annan dag. Nu ska jag cykla hem och g\u00f6ra matl\u00e5da inf\u00f6r min n\u00e4st sista arbetsdag imorgon.<\/p>\n","protected":false},"excerpt":{"rendered":"<p>En profetia om n\u00e4sta stora inredningsdetalj s\u00e4ger att v\u00e4ggbonaden kommer att komma starkt. Det \u00e4r underbart med bonader med kloka ord som man ser varje dag och som ger en p\u00e5minnelse om vad som \u00e4r v\u00e4sentligt h\u00e4r i livet. F\u00f6r tv\u00e5 \u00e5r sedan n\u00e4r jag och VeO gick andra \u00e5ret p\u00e5 v\u00e5r v\u00e4vutbildning hade vi [&hellip;]<\/p>\n","protected":false},"author":20,"featured_media":0,"comment_status":"open","ping_status":"closed","sticky":false,"template":"","format":"standard","meta":[],"categories":[73],"tags":[],"_links":{"self":[{"href":"http:\/\/kravallslojd.se\/wordpress\/index.php?rest_route=\/wp\/v2\/posts\/170"}],"collection":[{"href":"http:\/\/kravallslojd.se\/wordpress\/index.php?rest_route=\/wp\/v2\/posts"}],"about":[{"href":"http:\/\/kravallslojd.se\/wordpress\/index.php?rest_route=\/wp\/v2\/types\/post"}],"author":[{"embeddable":true,"href":"http:\/\/kravallslojd.se\/wordpress\/index.php?rest_route=\/wp\/v2\/users\/20"}],"replies":[{"embeddable":true,"href":"http:\/\/kravallslojd.se\/wordpress\/index.php?rest_route=%2Fwp%2Fv2%2Fcomments&post=170"}],"version-history":[{"count":0,"href":"http:\/\/kravallslojd.se\/wordpress\/index.php?rest_route=\/wp\/v2\/posts\/170\/revisions"}],"wp:attachment":[{"href":"http:\/\/kravallslojd.se\/wordpress\/index.php?rest_route=%2Fwp%2Fv2%2Fmedia&parent=170"}],"wp:term":[{"taxonomy":"category","embeddable":true,"href":"http:\/\/kravallslojd.se\/wordpress\/index.php?rest_route=%2Fwp%2Fv2%2Fcategories&post=170"},{"taxonomy":"post_tag","embeddable":true,"href":"http:\/\/kravallslojd.se\/wordpress\/index.php?rest_route=%2Fwp%2Fv2%2Ftags&post=170"}],"curies":[{"name":"wp","href":"https:\/\/api.w.org\/{rel}","templated":true}]}}