{"id":192,"date":"2007-08-09T13:55:56","date_gmt":"2007-08-09T11:55:56","guid":{"rendered":"http:\/\/kravallslojd.se\/bloggen\/?p=206"},"modified":"2007-08-09T13:55:56","modified_gmt":"2007-08-09T11:55:56","slug":"schemalagt-broderi-och-svara-avvagningar","status":"publish","type":"post","link":"http:\/\/kravallslojd.se\/wordpress\/?p=192","title":{"rendered":"Schemalagt broderi och sv\u00e5ra avv\u00e4gningar"},"content":{"rendered":"<p>Nu \u00e4r tre bonader klara. Jag har b\u00f6rjat schemal\u00e4gga mitt broderande till kl. 22.05-23.30 varje kv\u00e4ll. Det \u00e4r d\u00e5 Sommar i p1 s\u00e4nds i repris och det brukar vara f\u00f6r sent f\u00f6r m\u00e4nniskor att ringa p\u00e5 mobilen s\u00e5 det \u00e4r en perfekt vara-ifred-tid. Om jag ska brodera n\u00e5got mer efter 23.30 beror p\u00e5 vilka program som s\u00e4nds p\u00e5 radion. Ig\u00e5r handlade det om vattenkraft. S\u00e4kert intressant men det lyckades inte engagera mig just d\u00e5.<\/p>\n<p>Idag ska jag packa ihop alla saker som jag spridit ut i min mors hus under sommaren. Det \u00e4r mycket och v\u00e4ldigt utspritt. Det sv\u00e5ra \u00e4r att g\u00f6ra avv\u00e4gningen hur viktiga och tillr\u00e4ckligt oskrymmande grejerna \u00e4r f\u00f6r att orka sl\u00e4pas med till mina 28 m2. Mormors symaskin tillexempel, ska den f\u00e5 f\u00f6lja med? Jag har levt utan den ett \u00e5r och \u00f6verlevt och den kr\u00e5nglar en del men kan kanske vara bra att ha. Sv\u00e5ra beslut. H\u00e4r \u00e4r i alla fall de utlovade bilderna<\/p>\n<p><a href=\"http:\/\/kravallslojd.se\/bloggen\/wp-content\/uploads\/2007\/08\/dsc00199lagomliten.jpg\"  title=\"dsc00199lagomliten.jpg\"><img decoding=\"async\" src=\"http:\/\/kravallslojd.se\/bloggen\/wp-content\/uploads\/2007\/08\/dsc00199lagomliten.tumnagel.jpg\" alt=\"dsc00199lagomliten.jpg\" \/><\/a><a href=\"http:\/\/kravallslojd.se\/bloggen\/wp-content\/uploads\/2007\/08\/dsc00197handlaliten.jpg\"  title=\"dsc00197handlaliten.jpg\"><img decoding=\"async\" src=\"http:\/\/kravallslojd.se\/bloggen\/wp-content\/uploads\/2007\/08\/dsc00197handlaliten.tumnagel.jpg\" alt=\"dsc00197handlaliten.jpg\" \/><\/a><a href=\"http:\/\/kravallslojd.se\/bloggen\/wp-content\/uploads\/2007\/08\/dsc00195tillsammansliten.jpg\"  title=\"dsc00195tillsammansliten.jpg\"><img decoding=\"async\" src=\"http:\/\/kravallslojd.se\/bloggen\/wp-content\/uploads\/2007\/08\/dsc00195tillsammansliten.tumnagel.jpg\" alt=\"dsc00195tillsammansliten.jpg\" \/><\/a><\/p>\n","protected":false},"excerpt":{"rendered":"<p>Nu \u00e4r tre bonader klara. Jag har b\u00f6rjat schemal\u00e4gga mitt broderande till kl. 22.05-23.30 varje kv\u00e4ll. Det \u00e4r d\u00e5 Sommar i p1 s\u00e4nds i repris och det brukar vara f\u00f6r sent f\u00f6r m\u00e4nniskor att ringa p\u00e5 mobilen s\u00e5 det \u00e4r en perfekt vara-ifred-tid. Om jag ska brodera n\u00e5got mer efter 23.30 beror p\u00e5 vilka program [&hellip;]<\/p>\n","protected":false},"author":20,"featured_media":0,"comment_status":"open","ping_status":"closed","sticky":false,"template":"","format":"standard","meta":[],"categories":[73],"tags":[],"_links":{"self":[{"href":"http:\/\/kravallslojd.se\/wordpress\/index.php?rest_route=\/wp\/v2\/posts\/192"}],"collection":[{"href":"http:\/\/kravallslojd.se\/wordpress\/index.php?rest_route=\/wp\/v2\/posts"}],"about":[{"href":"http:\/\/kravallslojd.se\/wordpress\/index.php?rest_route=\/wp\/v2\/types\/post"}],"author":[{"embeddable":true,"href":"http:\/\/kravallslojd.se\/wordpress\/index.php?rest_route=\/wp\/v2\/users\/20"}],"replies":[{"embeddable":true,"href":"http:\/\/kravallslojd.se\/wordpress\/index.php?rest_route=%2Fwp%2Fv2%2Fcomments&post=192"}],"version-history":[{"count":0,"href":"http:\/\/kravallslojd.se\/wordpress\/index.php?rest_route=\/wp\/v2\/posts\/192\/revisions"}],"wp:attachment":[{"href":"http:\/\/kravallslojd.se\/wordpress\/index.php?rest_route=%2Fwp%2Fv2%2Fmedia&parent=192"}],"wp:term":[{"taxonomy":"category","embeddable":true,"href":"http:\/\/kravallslojd.se\/wordpress\/index.php?rest_route=%2Fwp%2Fv2%2Fcategories&post=192"},{"taxonomy":"post_tag","embeddable":true,"href":"http:\/\/kravallslojd.se\/wordpress\/index.php?rest_route=%2Fwp%2Fv2%2Ftags&post=192"}],"curies":[{"name":"wp","href":"https:\/\/api.w.org\/{rel}","templated":true}]}}