{"id":193,"date":"2007-08-12T11:11:06","date_gmt":"2007-08-12T09:11:06","guid":{"rendered":"http:\/\/kravallslojd.se\/bloggen\/?p=211"},"modified":"2007-08-12T11:11:06","modified_gmt":"2007-08-12T09:11:06","slug":"att-fa-huvudvark-av-farger","status":"publish","type":"post","link":"http:\/\/kravallslojd.se\/wordpress\/?p=193","title":{"rendered":"Att f\u00e5 huvudv\u00e4rk av f\u00e4rger"},"content":{"rendered":"<p>I v\u00e5r h\u00e4nde en m\u00e4rklig sak. Jag b\u00f6rjade m\u00e5 d\u00e5ligt av f\u00e4rger. Jag har alltid varit positivt inst\u00e4lld till alla f\u00e4rger utom m\u00f6jligen svart och vitt. Har tyckt att more is more eller less is bore vad g\u00e4ller f\u00e4rger. Anv\u00e4nd lite f\u00f6r mycket, blanda och matcha. Rutigt, randigt och blommigt samtidigt. Svart och vitt har st\u00e5tt f\u00f6r det tr\u00e5kiga, det som inte v\u00e5gar synas eller ta plats. Det \u00e4r vad jag har gillat inom sl\u00f6jden, att det \u00e4r s\u00e5 mycket f\u00e4rgprakt och att det d\u00e5 tar plats.<br \/>\nMen i v\u00e5r blev det f\u00f6r mycket av det goda. Jag fick en sl\u00f6jdidentitetskris och ifr\u00e5gasatte det mesta inom sl\u00f6jden; utbildningen som jag g\u00e5r, hela sl\u00f6jdorganisationen som f\u00e5r en massa statliga pengar, om det \u00e4nd\u00e5 inte \u00e4r f\u00f6rspilld kvinnokraft att sticka sin halsduk n\u00e4r du kan k\u00f6pa den och g\u00f6ra viktigare saker av din tid (liknande \u00e5sikter f\u00f6rdes fram i b\u00f6rjan av 1900-talet). Det var en jobbig tid och jag funderade flera g\u00e5nger p\u00e5 att hoppa av min utbildning och g\u00f6ra n\u00e5got helt annat. I samband med detta b\u00f6rjade jag ocks\u00e5 f\u00e5 sv\u00e5rt f\u00f6r starka f\u00e4rger. De blommiga kl\u00e4nningarna stuvades l\u00e4ngst in i garderoben och n\u00e4r jag skulle titta p\u00e5 kl\u00e4der i aff\u00e4rer s\u00e5g jag bara svart, gr\u00e5tt och m\u00f6jligtvis tungt bl\u00e5tt, s\u00e5dana kl\u00e4df\u00e4rger som jag n\u00e5gra m\u00e5nader tidigare hade sett som fula och d\u00e5liga f\u00e4rger. Jag orkade heller inte titta i inredningstidningar eller sl\u00f6jdb\u00f6cker f\u00f6r alla m\u00f6nster och skarpa f\u00e4rger gav mig huvudv\u00e4rk.<br \/>\nEn vecka i j\u00e4mtlandsfj\u00e4llen f\u00f6rb\u00e4ttrade l\u00e4get d\u00e5 jag fick komma ut och koncentrera mig p\u00e5 \u00f6verlevnad ist\u00e4llet f\u00f6r p\u00e5 arbete och att bara beh\u00f6va se f\u00e4rger i gr\u00f6nt, brunt, vitt och gr\u00e5tt. Att vila b\u00e5de hj\u00e4rna, \u00f6ron och \u00f6gon och att f\u00e5 anstr\u00e4nga sig fysiskt med kroppen.<\/p>\n<p>Nu \u00e4r l\u00e4get n\u00e4stan tillbaks till det normala, ska jag anv\u00e4nda ett kl\u00e4desplagg tar jag i f\u00f6rsta hand det som \u00e4r svart men jag f\u00e5r inte l\u00e4ngre huvudv\u00e4rk av de blommiga kl\u00e4nningarna. Jag ska ocks\u00e5 sluta att prata illa om svart, vitt och gr\u00e5tt som jag nu ser kan ha livr\u00e4ddande egenskaper.<\/p>\n<p>Kan det vara l\u00e4ge att inf\u00f6ra varningstext p\u00e5 sl\u00f6jdf\u00f6rem\u00e5l eller n\u00e4r man s\u00f6ker in till hantverksskolor: <em>Sl\u00f6jd kan f\u00f6r\u00e4ndra din syn. <\/em><\/p>\n","protected":false},"excerpt":{"rendered":"<p>I v\u00e5r h\u00e4nde en m\u00e4rklig sak. Jag b\u00f6rjade m\u00e5 d\u00e5ligt av f\u00e4rger. Jag har alltid varit positivt inst\u00e4lld till alla f\u00e4rger utom m\u00f6jligen svart och vitt. Har tyckt att more is more eller less is bore vad g\u00e4ller f\u00e4rger. Anv\u00e4nd lite f\u00f6r mycket, blanda och matcha. Rutigt, randigt och blommigt samtidigt. Svart och vitt har [&hellip;]<\/p>\n","protected":false},"author":20,"featured_media":0,"comment_status":"open","ping_status":"closed","sticky":false,"template":"","format":"standard","meta":[],"categories":[73],"tags":[],"_links":{"self":[{"href":"http:\/\/kravallslojd.se\/wordpress\/index.php?rest_route=\/wp\/v2\/posts\/193"}],"collection":[{"href":"http:\/\/kravallslojd.se\/wordpress\/index.php?rest_route=\/wp\/v2\/posts"}],"about":[{"href":"http:\/\/kravallslojd.se\/wordpress\/index.php?rest_route=\/wp\/v2\/types\/post"}],"author":[{"embeddable":true,"href":"http:\/\/kravallslojd.se\/wordpress\/index.php?rest_route=\/wp\/v2\/users\/20"}],"replies":[{"embeddable":true,"href":"http:\/\/kravallslojd.se\/wordpress\/index.php?rest_route=%2Fwp%2Fv2%2Fcomments&post=193"}],"version-history":[{"count":0,"href":"http:\/\/kravallslojd.se\/wordpress\/index.php?rest_route=\/wp\/v2\/posts\/193\/revisions"}],"wp:attachment":[{"href":"http:\/\/kravallslojd.se\/wordpress\/index.php?rest_route=%2Fwp%2Fv2%2Fmedia&parent=193"}],"wp:term":[{"taxonomy":"category","embeddable":true,"href":"http:\/\/kravallslojd.se\/wordpress\/index.php?rest_route=%2Fwp%2Fv2%2Fcategories&post=193"},{"taxonomy":"post_tag","embeddable":true,"href":"http:\/\/kravallslojd.se\/wordpress\/index.php?rest_route=%2Fwp%2Fv2%2Ftags&post=193"}],"curies":[{"name":"wp","href":"https:\/\/api.w.org\/{rel}","templated":true}]}}