{"id":212,"date":"2007-08-23T20:31:12","date_gmt":"2007-08-23T18:31:12","guid":{"rendered":"http:\/\/kravallslojd.se\/bloggen\/?p=232"},"modified":"2007-08-23T20:31:12","modified_gmt":"2007-08-23T18:31:12","slug":"klader-klader-klader","status":"publish","type":"post","link":"http:\/\/kravallslojd.se\/wordpress\/?p=212","title":{"rendered":"Kl\u00e4der kl\u00e4der kl\u00e4der"},"content":{"rendered":"<p>Idag har jag haft studiebes\u00f6k p\u00e5 mitt jobb. Det var min gamla l\u00e4rare\/rektor\u00a0samt elever\u00a0fr\u00e5n Malm\u00f6 Tillsk\u00e4rarakademi. Mycket trevligt! Det b\u00e4sta var v\u00e4l att dem ocks\u00e5 verkade tycka det :) Jag och mina k\u00e4ra kollegor ber\u00e4ttade om v\u00e5ra arbetsuppgifter, vi tittade\u00a0p\u00e5 v\u00e5ra\u00a0kollektioner f\u00f6r n\u00e4sta v\u00e5r\u00a0och fikade med mera. Som sagt, trevligt trevligt. Vi pratade \u00e4van en massa m\u00f6nster och jag\u00a0fick lite \u00e5gren, att jag inte\u00a0sytt p\u00e5 s\u00e5 l\u00e4nge.\u00a0Ska kanske ber\u00e4tta att jag l\u00e4rde mig extremt mycket m\u00f6nsterkonstruktion p\u00e5 Tillsk\u00e4rarakademin. Det\u00a0\u00e4r r\u00e4tt l\u00e4tt att man gl\u00f6mer bort hur ett m\u00f6nstre ska konstrueras. Fast det sitter kanske l\u00e5ngt d\u00e4r inne i ryggraden \u00e4nd\u00e5.<\/p>\n<p>Nu m\u00e5ste jag f\u00f6ra \u00f6ver en massa pengar till mitt konto. Vi har en stooor utf\u00f6rs\u00f6ljning imorgon med en massa fina kl\u00e4der. 30 pix f\u00f6r stickade koftor, stickade kl\u00e4nningar, kl\u00e4nningar, sidentunikor, schyssta jeans, bla bla bla&#8230; Ja, gud, det finns otoligt\u00a0mycket saker. Kommer INTE\u00a0f\u00e5 plats i den redan \u00f6verfulla garderoben, Dagens i-lands problem. Me like!<\/p>\n","protected":false},"excerpt":{"rendered":"<p>Idag har jag haft studiebes\u00f6k p\u00e5 mitt jobb. Det var min gamla l\u00e4rare\/rektor\u00a0samt elever\u00a0fr\u00e5n Malm\u00f6 Tillsk\u00e4rarakademi. Mycket trevligt! Det b\u00e4sta var v\u00e4l att dem ocks\u00e5 verkade tycka det :) Jag och mina k\u00e4ra kollegor ber\u00e4ttade om v\u00e5ra arbetsuppgifter, vi tittade\u00a0p\u00e5 v\u00e5ra\u00a0kollektioner f\u00f6r n\u00e4sta v\u00e5r\u00a0och fikade med mera. Som sagt, trevligt trevligt. Vi pratade \u00e4van en [&hellip;]<\/p>\n","protected":false},"author":32,"featured_media":0,"comment_status":"open","ping_status":"closed","sticky":false,"template":"","format":"standard","meta":[],"categories":[79],"tags":[],"_links":{"self":[{"href":"http:\/\/kravallslojd.se\/wordpress\/index.php?rest_route=\/wp\/v2\/posts\/212"}],"collection":[{"href":"http:\/\/kravallslojd.se\/wordpress\/index.php?rest_route=\/wp\/v2\/posts"}],"about":[{"href":"http:\/\/kravallslojd.se\/wordpress\/index.php?rest_route=\/wp\/v2\/types\/post"}],"author":[{"embeddable":true,"href":"http:\/\/kravallslojd.se\/wordpress\/index.php?rest_route=\/wp\/v2\/users\/32"}],"replies":[{"embeddable":true,"href":"http:\/\/kravallslojd.se\/wordpress\/index.php?rest_route=%2Fwp%2Fv2%2Fcomments&post=212"}],"version-history":[{"count":0,"href":"http:\/\/kravallslojd.se\/wordpress\/index.php?rest_route=\/wp\/v2\/posts\/212\/revisions"}],"wp:attachment":[{"href":"http:\/\/kravallslojd.se\/wordpress\/index.php?rest_route=%2Fwp%2Fv2%2Fmedia&parent=212"}],"wp:term":[{"taxonomy":"category","embeddable":true,"href":"http:\/\/kravallslojd.se\/wordpress\/index.php?rest_route=%2Fwp%2Fv2%2Fcategories&post=212"},{"taxonomy":"post_tag","embeddable":true,"href":"http:\/\/kravallslojd.se\/wordpress\/index.php?rest_route=%2Fwp%2Fv2%2Ftags&post=212"}],"curies":[{"name":"wp","href":"https:\/\/api.w.org\/{rel}","templated":true}]}}