{"id":215,"date":"2007-08-26T21:21:50","date_gmt":"2007-08-26T19:21:50","guid":{"rendered":"http:\/\/kravallslojd.se\/bloggen\/?p=234"},"modified":"2007-08-26T21:21:50","modified_gmt":"2007-08-26T19:21:50","slug":"hosten-kommer-med-stormsteg","status":"publish","type":"post","link":"http:\/\/kravallslojd.se\/wordpress\/?p=215","title":{"rendered":"H\u00f6sten kommer med stormsteg&#8230;"},"content":{"rendered":"<p>Nu har hela helgen g\u00e5tt \u00e5t att packa upp alla kl\u00e4der jag k\u00f6pt p\u00e5 utf\u00f6rs\u00e4ljningen. &#8221;Halled\u00e1&#8221; med grejor, jag kommer aldrig att f\u00e5 plats med allt i v\u00e5ra sm\u00e5 garderober. Vi har \u00e5 andra sidan stora garderober men inte f\u00f6r allt det h\u00e4r! Det f\u00e5r helt enkelt ligga kvar i pappkassarna s\u00e5 l\u00e4nge. N\u00e5got som st\u00f6rt mig i helgen, var att jag missade f\u00f6rs\u00e4ljningen av diverse kostymer\u00a0p\u00e5 Kungliga Operan i Sthlm. Det kommer att dr\u00f6ja l\u00e4nge innan jag kommer kunna sl\u00e4ppa det d\u00e4r. Jag har fr\u00e5gat mig m\u00e5nga g\u00e5nger i helgen varf\u00f6r man inte\u00a0bor i\u00a0Stockholm?!<\/p>\n<p>Det har\u00a0varit\u00a0roligt att skriva p\u00e5 Kravallsl\u00f6jds bloggen den h\u00e4r veckan. (Min debut som bloggare). Som n\u00e5gra andra h\u00e4r\u00a0har skrivit, har inte alla mina inl\u00e4gg varit hantverksrelaterade. Med min\u00a0kaotiska\/stressiga vecka som varit, med allt jobbs\u00f6kande mm, har jag inte kunnat fokusera p\u00e5 s\u00e4rskilt mycket.\u00a0<\/p>\n<p>Nu ska jag dricka f\u00e4rsk\u00a0varm \u00e4ppel &amp; kanel\u00a0must och v\u00e4lkomna h\u00f6sten utanf\u00f6r. \u00c4r det n\u00e5gon som undrar n\u00e5got om mitt hantverk\u00a0eller\u00a0s\u00f6mnad, \u00e4r det bara att h\u00f6ra av sig.\u00a0<\/p>\n<p>Mange Tak, Rebecca<\/p>\n","protected":false},"excerpt":{"rendered":"<p>Nu har hela helgen g\u00e5tt \u00e5t att packa upp alla kl\u00e4der jag k\u00f6pt p\u00e5 utf\u00f6rs\u00e4ljningen. &#8221;Halled\u00e1&#8221; med grejor, jag kommer aldrig att f\u00e5 plats med allt i v\u00e5ra sm\u00e5 garderober. Vi har \u00e5 andra sidan stora garderober men inte f\u00f6r allt det h\u00e4r! Det f\u00e5r helt enkelt ligga kvar i pappkassarna s\u00e5 l\u00e4nge. N\u00e5got som [&hellip;]<\/p>\n","protected":false},"author":32,"featured_media":0,"comment_status":"open","ping_status":"closed","sticky":false,"template":"","format":"standard","meta":[],"categories":[79],"tags":[],"_links":{"self":[{"href":"http:\/\/kravallslojd.se\/wordpress\/index.php?rest_route=\/wp\/v2\/posts\/215"}],"collection":[{"href":"http:\/\/kravallslojd.se\/wordpress\/index.php?rest_route=\/wp\/v2\/posts"}],"about":[{"href":"http:\/\/kravallslojd.se\/wordpress\/index.php?rest_route=\/wp\/v2\/types\/post"}],"author":[{"embeddable":true,"href":"http:\/\/kravallslojd.se\/wordpress\/index.php?rest_route=\/wp\/v2\/users\/32"}],"replies":[{"embeddable":true,"href":"http:\/\/kravallslojd.se\/wordpress\/index.php?rest_route=%2Fwp%2Fv2%2Fcomments&post=215"}],"version-history":[{"count":0,"href":"http:\/\/kravallslojd.se\/wordpress\/index.php?rest_route=\/wp\/v2\/posts\/215\/revisions"}],"wp:attachment":[{"href":"http:\/\/kravallslojd.se\/wordpress\/index.php?rest_route=%2Fwp%2Fv2%2Fmedia&parent=215"}],"wp:term":[{"taxonomy":"category","embeddable":true,"href":"http:\/\/kravallslojd.se\/wordpress\/index.php?rest_route=%2Fwp%2Fv2%2Fcategories&post=215"},{"taxonomy":"post_tag","embeddable":true,"href":"http:\/\/kravallslojd.se\/wordpress\/index.php?rest_route=%2Fwp%2Fv2%2Ftags&post=215"}],"curies":[{"name":"wp","href":"https:\/\/api.w.org\/{rel}","templated":true}]}}