{"id":219,"date":"2007-08-28T15:41:40","date_gmt":"2007-08-28T13:41:40","guid":{"rendered":"http:\/\/kravallslojd.se\/bloggen\/?p=241"},"modified":"2007-08-28T15:41:40","modified_gmt":"2007-08-28T13:41:40","slug":"hosten-ar-har-hosten-ar-harlig","status":"publish","type":"post","link":"http:\/\/kravallslojd.se\/wordpress\/?p=219","title":{"rendered":"H\u00f6sten \u00e4r h\u00e4r h\u00f6sten \u00e4r h\u00e4rlig!"},"content":{"rendered":"<p>Nu \u00e4r \u00e4ntligen h\u00f6sten h\u00e4r! H\u00f6sten \u00e4r min absoluta favorit\u00e5rstid och det av m\u00e5nga orsaker. F\u00f6r det f\u00f6rsta s\u00e5 \u00e4r det \u00e4ntligen normal temperatur, man k\u00e4nner att man kan andas igen och luften \u00e4r klar och sk\u00f6n. Det \u00e4r vackert \u00f6verallt, n\u00e4stan, och en k\u00e4nsla av m\u00f6jligheter ligger i luften. H\u00f6sten k\u00e4nns alltid som ett litet ny\u00e5r, nya saker, nya m\u00e4nniskor och man vet inte vad som kommer att h\u00e4nda men man vet att N\u00c5NTING kommer att h\u00e4nda som man inte kunnat f\u00f6rutse.<br \/>\nJust nu \u00e4r det v\u00e4ldigt mycket som h\u00e4nder som \u00e4r sprajtans nytt f\u00f6r mig. Ny stad, nytt hem, ny skola.<br \/>\nI fredags kom jag till Stockholm, i l\u00f6rdags flyttade jag in i mitt, Nisses och Kristins nya fina lilla hus ute i skogen och i g\u00e5r b\u00f6rjade jag skolan. \u00c4n s\u00e5 l\u00e4nge \u00e4r allt frid o fr\u00f6jd, f\u00f6rutom den chokerande uppt\u00e4ckten att kollektivtrafiken tar ungef\u00e4r dubbelt s\u00e5 l\u00e5ng tid p\u00e5 morgonen \u00e4n p\u00e5 kv\u00e4llen. Min vana trogen kom jag f\u00f6r sent till skolan, trots v\u00e4ldigt nogrannt kalkylerande med busslistan i hand. Nisse hade en h\u00e5rd f\u00f6rsta natt i huset ocks\u00e5, han skrek o skrek och verkade tycka att \u00e4nnu en flytt var en v\u00e4ldigt d\u00e5lig id\u00e9 fram tills att han p\u00e5 morgonen fick syn p\u00e5 h\u00f6nsen som spatserar i tr\u00e4dg\u00e5rden, d\u00e5 tystnade han och stirrade andaktsfullt p\u00e5 deras m\u00e4rkliga g\u00e5ng p\u00e5 v\u00e5ran altan, och har sen dess varit den lugna och fina kisse han brukar vara.<\/p>\n<p>Nu ska jag iv\u00e4g o ta b\u00e5ten till Slussen, vi ska skriva p\u00e5 kontraktet f\u00f6r huset idag s\u00e5 att det verkligen \u00e4r v\u00e5rat o sen ska jag hem, mot ett hus vid skogens slut d\u00e4r jag ska plocka in \u00e4pplen och sortera broderipapper t\u00e4nkte jag.<\/p>\n<p>Tills vi h\u00f6rs igen, lev o m\u00e5 o gl\u00f6m inte bort att \u00e4ven en kort tr\u00e5d \u00e4r en tr\u00e5d.<\/p>\n<p>Erika<\/p>\n","protected":false},"excerpt":{"rendered":"<p>Nu \u00e4r \u00e4ntligen h\u00f6sten h\u00e4r! H\u00f6sten \u00e4r min absoluta favorit\u00e5rstid och det av m\u00e5nga orsaker. F\u00f6r det f\u00f6rsta s\u00e5 \u00e4r det \u00e4ntligen normal temperatur, man k\u00e4nner att man kan andas igen och luften \u00e4r klar och sk\u00f6n. Det \u00e4r vackert \u00f6verallt, n\u00e4stan, och en k\u00e4nsla av m\u00f6jligheter ligger i luften. H\u00f6sten k\u00e4nns alltid som ett [&hellip;]<\/p>\n","protected":false},"author":22,"featured_media":0,"comment_status":"open","ping_status":"closed","sticky":false,"template":"","format":"standard","meta":[],"categories":[20],"tags":[],"_links":{"self":[{"href":"http:\/\/kravallslojd.se\/wordpress\/index.php?rest_route=\/wp\/v2\/posts\/219"}],"collection":[{"href":"http:\/\/kravallslojd.se\/wordpress\/index.php?rest_route=\/wp\/v2\/posts"}],"about":[{"href":"http:\/\/kravallslojd.se\/wordpress\/index.php?rest_route=\/wp\/v2\/types\/post"}],"author":[{"embeddable":true,"href":"http:\/\/kravallslojd.se\/wordpress\/index.php?rest_route=\/wp\/v2\/users\/22"}],"replies":[{"embeddable":true,"href":"http:\/\/kravallslojd.se\/wordpress\/index.php?rest_route=%2Fwp%2Fv2%2Fcomments&post=219"}],"version-history":[{"count":0,"href":"http:\/\/kravallslojd.se\/wordpress\/index.php?rest_route=\/wp\/v2\/posts\/219\/revisions"}],"wp:attachment":[{"href":"http:\/\/kravallslojd.se\/wordpress\/index.php?rest_route=%2Fwp%2Fv2%2Fmedia&parent=219"}],"wp:term":[{"taxonomy":"category","embeddable":true,"href":"http:\/\/kravallslojd.se\/wordpress\/index.php?rest_route=%2Fwp%2Fv2%2Fcategories&post=219"},{"taxonomy":"post_tag","embeddable":true,"href":"http:\/\/kravallslojd.se\/wordpress\/index.php?rest_route=%2Fwp%2Fv2%2Ftags&post=219"}],"curies":[{"name":"wp","href":"https:\/\/api.w.org\/{rel}","templated":true}]}}