{"id":220,"date":"2007-08-30T11:18:43","date_gmt":"2007-08-30T09:18:43","guid":{"rendered":"http:\/\/kravallslojd.se\/bloggen\/?p=242"},"modified":"2007-08-30T11:18:43","modified_gmt":"2007-08-30T09:18:43","slug":"redan-torsdag","status":"publish","type":"post","link":"http:\/\/kravallslojd.se\/wordpress\/?p=220","title":{"rendered":"Redan torsdag"},"content":{"rendered":"<p>Efter en natt av snuvande o sn\u00f6rvlande i vad jag f\u00f6rst trodde var en begynnande f\u00f6rkylning b\u00f6rjar jag k\u00e4nna igen symptomen o inser att jag drabbats av dammallergi. Jag har tidigare haft samma sak, en kliig n\u00e4sa o svullna \u00f6gon, o att dammsuga o dammtorka l\u00e4genheten hj\u00e4lpte varje g\u00e5ng. Eftersom jag flyttade in i huset en vecka tidigare \u00e4n vi best\u00e4mt skulle lovade jag dyrt o heligt att jag skulle st\u00e4da ocks\u00e5, allts\u00e5, jag skulle fixa den flyttst\u00e4dning som inte hade gjorts. Huset har st\u00e5tt tomt o obebott ett tag, men tydligen l\u00e4ngre \u00e4n att en grundlig sopning skulle r\u00e4cka som st\u00e4dning. S\u00e5 idag n\u00e4r jag kommer hem blir det till att kavla upp \u00e4rmarna, fylla ngt l\u00e4mpligt k\u00e4rl ( vi har inte riktigt f\u00e5tt alla saker p\u00e5 plats \u00e4n&#8230;knappt n\u00e5gra saker alls, om jag ska vara \u00e4rlig..) med vatten o s\u00e5pa o skrubba skrubba skrubba tills n\u00e4st\u00e4ppan lossnar o jag kan andas igen.<\/p>\n<p>En konstig sak med v\u00e5rat hus \u00e4r att ibland n\u00e4r man sl\u00e5r av plattan f\u00f6r att maten\/vattnet\/vadmannug\u00f6r \u00e4r f\u00e4rdigt s\u00e5 sl\u00e5r jordfelsbrytaren av o det blir svart i hela huset. Det \u00e4r inget sv\u00e5rt att sl\u00e5 p\u00e5 den igen, o allting funkar, men det \u00e4r bara lite konstigt. Jordfel l\u00e5ter s\u00e5 allvarligt, liksom. O den borde v\u00e4l utl\u00f6sas av att man sl\u00e5r p\u00e5 n\u00e5t, inte av, eller?<\/p>\n<p>Nisse b\u00f6rjar bli mer o mer hemma i skogen ocks\u00e5. Imorse s\u00e5g jag en annan katt p\u00e5 g\u00e5rden som hade samma f\u00e4rg som Nisse o f\u00f6r ett \u00f6gonblick trodde jag att Nisse p\u00e5 n\u00e5t s\u00e4tt lyckats ta sig ut o spatserade omkring bland h\u00f6nsen, men han l\u00e5g i vanlig ordning p\u00e5 min v\u00e4ska o snarkade. Nisse har precis som jag en f\u00f6rk\u00e4rlek f\u00f6r v\u00e4skor, han blir helt galen om han ser en v\u00e4ska, han vill kl\u00f6sa o krypa in i dem, o sen bara ligga o sova i eller p\u00e5 dem. Ibland \u00e4r det lite konstigt att han f\u00f6rst\u00e5r att det \u00e4r en v\u00e4ska eftersom det inte \u00e4r ngn speciell sorts tyg han gillar, utan alla sortsers v\u00e4skor funkar lika bra. K\u00e4nner han p\u00e5 sig att det finns n\u00e5got d\u00e4r inne, att det \u00e4r ett h\u00e5lrum som han kan ta sig in i eller vad?<br \/>\nM\u00e4rkligt \u00e4r det d\u00e5, djurlivet.<\/p>\n<p>Erika<\/p>\n","protected":false},"excerpt":{"rendered":"<p>Efter en natt av snuvande o sn\u00f6rvlande i vad jag f\u00f6rst trodde var en begynnande f\u00f6rkylning b\u00f6rjar jag k\u00e4nna igen symptomen o inser att jag drabbats av dammallergi. Jag har tidigare haft samma sak, en kliig n\u00e4sa o svullna \u00f6gon, o att dammsuga o dammtorka l\u00e4genheten hj\u00e4lpte varje g\u00e5ng. Eftersom jag flyttade in i huset [&hellip;]<\/p>\n","protected":false},"author":22,"featured_media":0,"comment_status":"open","ping_status":"closed","sticky":false,"template":"","format":"standard","meta":[],"categories":[20],"tags":[],"_links":{"self":[{"href":"http:\/\/kravallslojd.se\/wordpress\/index.php?rest_route=\/wp\/v2\/posts\/220"}],"collection":[{"href":"http:\/\/kravallslojd.se\/wordpress\/index.php?rest_route=\/wp\/v2\/posts"}],"about":[{"href":"http:\/\/kravallslojd.se\/wordpress\/index.php?rest_route=\/wp\/v2\/types\/post"}],"author":[{"embeddable":true,"href":"http:\/\/kravallslojd.se\/wordpress\/index.php?rest_route=\/wp\/v2\/users\/22"}],"replies":[{"embeddable":true,"href":"http:\/\/kravallslojd.se\/wordpress\/index.php?rest_route=%2Fwp%2Fv2%2Fcomments&post=220"}],"version-history":[{"count":0,"href":"http:\/\/kravallslojd.se\/wordpress\/index.php?rest_route=\/wp\/v2\/posts\/220\/revisions"}],"wp:attachment":[{"href":"http:\/\/kravallslojd.se\/wordpress\/index.php?rest_route=%2Fwp%2Fv2%2Fmedia&parent=220"}],"wp:term":[{"taxonomy":"category","embeddable":true,"href":"http:\/\/kravallslojd.se\/wordpress\/index.php?rest_route=%2Fwp%2Fv2%2Fcategories&post=220"},{"taxonomy":"post_tag","embeddable":true,"href":"http:\/\/kravallslojd.se\/wordpress\/index.php?rest_route=%2Fwp%2Fv2%2Ftags&post=220"}],"curies":[{"name":"wp","href":"https:\/\/api.w.org\/{rel}","templated":true}]}}