{"id":268,"date":"2007-09-12T20:29:12","date_gmt":"2007-09-12T18:29:12","guid":{"rendered":"http:\/\/kravallslojd.se\/bloggen\/?p=270"},"modified":"2007-09-12T20:29:12","modified_gmt":"2007-09-12T18:29:12","slug":"in-the-name-of-love","status":"publish","type":"post","link":"http:\/\/kravallslojd.se\/wordpress\/?p=268","title":{"rendered":"In the name of love!"},"content":{"rendered":"<p>Goder afton b\u00e5de herre och fru!<\/p>\n<p>\u00c4nnu en kv\u00e4ll med tankar som ska l\u00e4mna skallen. K\u00e4nner mig fortfarande inte helt bekv\u00e4m h\u00e4r i cyberv\u00e4rlden. Ig\u00e5r kv\u00e4ll h\u00f6ll jag p\u00e5 att ge Kravallsl\u00f6jd en helt ny bakgrundsbild i form av smidesbilden&#8230; Det finns tydligen n\u00e5got som kallas f\u00f6r bildformat och speciella program f\u00f6r att anpassa storleken p\u00e5 bilder man vill bifoga. Som tur var admin ute p\u00e5 n\u00e4tet och kunde r\u00e4tta till den fad\u00e4sen, tack f\u00f6r hj\u00e4lpen Jonny! Idag har dagen f\u00f6rflutit p\u00e5 ett underbart s\u00e4tt! F\u00f6rkylningen b\u00f6rjar vika sig och bih\u00e5lor med omkringliggande delar k\u00e4nns n\u00e4stan normala igen. Idag har jag haft mina mindre elever, de som en dag ska axla spjutspetsfunktionen i skolans sl\u00f6jdsal. Jag och kollegan har arbetat kring ett eget koncept under m\u00e5nga \u00e5r. N\u00e4r barnen kommer till oss i \u00e5k 3 s\u00e5 f\u00e5r de g\u00f6ra en enkel pryl, en fyrtumsspik inslagen i ett\u00a0skaft av asp eller bj\u00f6rk. M\u00e5nga bra moment! Raspa, fila, hyvla och i vissa fall t\u00e4ljning. N\u00e4r skaftet \u00e4r klart s\u00e5 f\u00e5r de m\u00e5la det med filf\u00e4rg. I \u00e5k 4 f\u00e5r\u00a0eleverna g\u00f6ra en liten verktygsl\u00e5da. I \u00e5k 5 \u00e4r det dags f\u00f6r den eftertraktade sl\u00f6jdknivstillverkningen. Tanken \u00e4r att l\u00e5dan f\u00f6ljer eleven under resten av grundskoletiden, eget verktyg i form av kniv ochpryl g\u00f6r att respekten f\u00f6r verktygen \u00f6kar. De f\u00e5r sj\u00e4lva sk\u00f6ta sin kniv. Idag hade jag mina fyror, verktygsl\u00e5da! H\u00e4r uppst\u00e5r det m\u00e5nga fr\u00e5getecken&#8230; Det spelar egentligen ingen roll hur m\u00e5nga genomg\u00e5ngar du har, fr\u00e5getecknen finns d\u00e4r \u00e4nd\u00e5. Jag gjorde ett experiment, ist\u00e4llet f\u00f6r att servera en f\u00e4rdig l\u00f6sning, s\u00e5 svarade jag bara ja eller nej. De fick f\u00f6ljdaktligen formulera en fr\u00e5ga som gav dem det svar de var p\u00e5 jakt efter. &#8221;Mange, jag har t\u00e4nkt rita p\u00e5 s\u00e5 h\u00e4r, funkar det?&#8221;JA! Ok, d\u00e4r var det en som t\u00e4nkt till. N\u00e4sta elev \u00e4r en lite kluring med minst tv\u00e5 r\u00e4vfarmar bakom \u00f6ronen&#8230; Fr\u00e5gade och fick ja och nej-svar, efter ett tag glimmar det till och jag f\u00e5r fr\u00e5gan, &#8221;vad heter du?&#8221;. Jag svarar Magnus och f\u00e5r ett gapflabb tillbaka. &#8221;Du skulle bara svara ja eller nej den h\u00e4r lektionen!&#8221; Glad att kunna gl\u00e4dja ett\u00a0 m\u00e4nniskobarn med s\u00e5 lite. T\u00e4nker ofta p\u00e5 hur bortsk\u00e4md jag egentligen \u00e4r i min yrkesroll, jag f\u00e5r vara med och se andra barns utveckling och ibland stora gl\u00e4dje n\u00e4r de lyckas. En vanlig kommentar n\u00e4r folk fr\u00e5gar om mitt yrke \u00e4r, &#8221;Fy, faan hur st\u00e5r du ut?&#8221;, n\u00e4r de f\u00e5r veta att jag jobbar som l\u00e4rare. \u00c4r \u00f6vertygad om att media har spelat en avg\u00f6rande roll. Det fokuseras och vinklas oftast till det negativa. Skulle \u00f6nska att fokus l\u00e5g p\u00e5 n\u00e4r Sveriges framtid lyckas, n\u00e4r dyslektiske Kalle lyckas med det om\u00f6jligaatt klara godk\u00e4nt p\u00e5 det nationella provet i svenska. Vi som arbetar med barn i skolan \u00e4lskar oftast v\u00e5rt yrke och tar det p\u00e5 blodigt allvar. Som n\u00e5gon uttryckte det, tuff k\u00e4rlek!<\/p>\n<p>Up the Irons!-Magnus<\/p>\n","protected":false},"excerpt":{"rendered":"<p>Goder afton b\u00e5de herre och fru! \u00c4nnu en kv\u00e4ll med tankar som ska l\u00e4mna skallen. K\u00e4nner mig fortfarande inte helt bekv\u00e4m h\u00e4r i cyberv\u00e4rlden. Ig\u00e5r kv\u00e4ll h\u00f6ll jag p\u00e5 att ge Kravallsl\u00f6jd en helt ny bakgrundsbild i form av smidesbilden&#8230; Det finns tydligen n\u00e5got som kallas f\u00f6r bildformat och speciella program f\u00f6r att anpassa storleken [&hellip;]<\/p>\n","protected":false},"author":33,"featured_media":0,"comment_status":"open","ping_status":"closed","sticky":false,"template":"","format":"standard","meta":[],"categories":[64],"tags":[],"_links":{"self":[{"href":"http:\/\/kravallslojd.se\/wordpress\/index.php?rest_route=\/wp\/v2\/posts\/268"}],"collection":[{"href":"http:\/\/kravallslojd.se\/wordpress\/index.php?rest_route=\/wp\/v2\/posts"}],"about":[{"href":"http:\/\/kravallslojd.se\/wordpress\/index.php?rest_route=\/wp\/v2\/types\/post"}],"author":[{"embeddable":true,"href":"http:\/\/kravallslojd.se\/wordpress\/index.php?rest_route=\/wp\/v2\/users\/33"}],"replies":[{"embeddable":true,"href":"http:\/\/kravallslojd.se\/wordpress\/index.php?rest_route=%2Fwp%2Fv2%2Fcomments&post=268"}],"version-history":[{"count":0,"href":"http:\/\/kravallslojd.se\/wordpress\/index.php?rest_route=\/wp\/v2\/posts\/268\/revisions"}],"wp:attachment":[{"href":"http:\/\/kravallslojd.se\/wordpress\/index.php?rest_route=%2Fwp%2Fv2%2Fmedia&parent=268"}],"wp:term":[{"taxonomy":"category","embeddable":true,"href":"http:\/\/kravallslojd.se\/wordpress\/index.php?rest_route=%2Fwp%2Fv2%2Fcategories&post=268"},{"taxonomy":"post_tag","embeddable":true,"href":"http:\/\/kravallslojd.se\/wordpress\/index.php?rest_route=%2Fwp%2Fv2%2Ftags&post=268"}],"curies":[{"name":"wp","href":"https:\/\/api.w.org\/{rel}","templated":true}]}}