{"id":270,"date":"2007-09-14T19:45:44","date_gmt":"2007-09-14T17:45:44","guid":{"rendered":"http:\/\/kravallslojd.se\/bloggen\/?p=272"},"modified":"2007-09-14T19:45:44","modified_gmt":"2007-09-14T17:45:44","slug":"over-and-out","status":"publish","type":"post","link":"http:\/\/kravallslojd.se\/wordpress\/?p=270","title":{"rendered":"Over and out!"},"content":{"rendered":"<p>Times up for now!<\/p>\n<p>Tr\u00f6tt och n\u00f6jd med veckan som varit t\u00e4nker jag nu skicka in mitt sista inl\u00e4gg och tacka f\u00f6r mig. Det h\u00e4r har varit otroligt roliga kv\u00e4llar faktiskt. I mitt yrke som l\u00e4rare hinner man inte alltid reflektera \u00f6ver varats v\u00e4sen s\u00e5 mycket. Tack vare bloggandet blev jag klar \u00f6ver att jag faktiskt kan f\u00f6ra en slags monodialog med mig sj\u00e4lv d\u00e5 och d\u00e5, sl\u00e4ng av schizofreni&#8230; Sk\u00e4mt \u00e5sido, dagens skola k\u00e4nnetecknas av ett ganska h\u00f6gt tempo med hundratals mikrobeslut som ska fattas varje dag. Man funderar ibland \u00f6ver var tr\u00f6ttheten kommer ifr\u00e5n. Jobbet! K\u00e4nder en sk\u00f6n lunk under loven n\u00e4r man v\u00e4l landat och en annan slags vardag tr\u00e4der in. Det finns m\u00e5nga m\u00e5sten och krav d\u00e5 ocks\u00e5, men det ligger p\u00e5 ett annat plan. Min intention var att ge de eventuella l\u00e4sarna en liten bild av min vardag i v\u00e4rldens b\u00e4sta yrke. Det finns mycket mer att ber\u00e4tta. T\u00e4nk om ni kunde sitta i min skjortficka och vara med! Det \u00e4r stort, fantastiskt, h\u00e4rligt och ibland skitjobbigt. St\u00e5r inf\u00f6r en jobbig kartl\u00e4ggning av n\u00e5gra elever som jag k\u00e4nner mig tveksam inf\u00f6r betygss\u00e4ttningen till jul. Man pejlar av mycket fort vilka som \u00e4r med p\u00e5 banan och vilka som st\u00e5r bredvid&#8230; F\u00f6rst m\u00e5ste jag utr\u00f6na vilka kunskapsluckor som finns och sedan fylla igen dem. M\u00e5nga f\u00f6r\u00e4ldrar kan var av den uppfattningen att bara \u00e4r att g\u00e5 p\u00e5 sl\u00f6jden och &#8221;snickra tilln\u00e5\u00b4t&#8221;, s\u00e5 betyget biff. Det \u00e4r en hel del f\u00e4rdigheter som ska uppn\u00e5s f\u00f6r att f\u00e5 betyget G i sl\u00f6jd. Vi arbetar efter ett ganska komplext processt\u00e4nkande, eleven m\u00e5ste \u00e4ga den h\u00e4r processen f\u00f6r att n\u00e5 m\u00e5len. Hur m\u00e5nga sl\u00f6jdare reflekterar \u00f6ver vad han\/hon egentligen g\u00f6r. Vi ska f\u00f6rs\u00f6ka f\u00e5 eleverna att s\u00e4tta ord p\u00e5 den &#8221;tysta kunskapen&#8221;. Ni kan sj\u00e4lva f\u00f6rs\u00f6ka g\u00f6r en analys av era egna arbeten utifr\u00e5n tre fr\u00e5gor: Vad, hur och varf\u00f6r? Try it out! Visst kan jag ge eleverna n\u00e5debetyg, men d\u00e5 beg\u00e5r jag faktiskt tj\u00e4nstefel. Iblan dkan en l\u00e4tt kluven k\u00e4nsla inf\u00f6r det h\u00e4r intr\u00e4da. Varf\u00f6r kan ungarna inte bara f\u00e5 sl\u00f6jda och vara glada f\u00f6r det. Lite smolk i gl\u00e4djenektarens b\u00e4gare allts\u00e5. Jag har funderat mycket kring det h\u00e4r genom \u00e5rens lopp och st\u00e4lls inf\u00f6r ett antal s\u00f6mnl\u00f6sa n\u00e4tter inf\u00f6r b\u00e5de jul och sommarlov. Over and out! Up the Irons!-Magnus<\/p>\n","protected":false},"excerpt":{"rendered":"<p>Times up for now! Tr\u00f6tt och n\u00f6jd med veckan som varit t\u00e4nker jag nu skicka in mitt sista inl\u00e4gg och tacka f\u00f6r mig. Det h\u00e4r har varit otroligt roliga kv\u00e4llar faktiskt. I mitt yrke som l\u00e4rare hinner man inte alltid reflektera \u00f6ver varats v\u00e4sen s\u00e5 mycket. Tack vare bloggandet blev jag klar \u00f6ver att jag [&hellip;]<\/p>\n","protected":false},"author":33,"featured_media":0,"comment_status":"open","ping_status":"closed","sticky":false,"template":"","format":"standard","meta":[],"categories":[64],"tags":[],"_links":{"self":[{"href":"http:\/\/kravallslojd.se\/wordpress\/index.php?rest_route=\/wp\/v2\/posts\/270"}],"collection":[{"href":"http:\/\/kravallslojd.se\/wordpress\/index.php?rest_route=\/wp\/v2\/posts"}],"about":[{"href":"http:\/\/kravallslojd.se\/wordpress\/index.php?rest_route=\/wp\/v2\/types\/post"}],"author":[{"embeddable":true,"href":"http:\/\/kravallslojd.se\/wordpress\/index.php?rest_route=\/wp\/v2\/users\/33"}],"replies":[{"embeddable":true,"href":"http:\/\/kravallslojd.se\/wordpress\/index.php?rest_route=%2Fwp%2Fv2%2Fcomments&post=270"}],"version-history":[{"count":0,"href":"http:\/\/kravallslojd.se\/wordpress\/index.php?rest_route=\/wp\/v2\/posts\/270\/revisions"}],"wp:attachment":[{"href":"http:\/\/kravallslojd.se\/wordpress\/index.php?rest_route=%2Fwp%2Fv2%2Fmedia&parent=270"}],"wp:term":[{"taxonomy":"category","embeddable":true,"href":"http:\/\/kravallslojd.se\/wordpress\/index.php?rest_route=%2Fwp%2Fv2%2Fcategories&post=270"},{"taxonomy":"post_tag","embeddable":true,"href":"http:\/\/kravallslojd.se\/wordpress\/index.php?rest_route=%2Fwp%2Fv2%2Ftags&post=270"}],"curies":[{"name":"wp","href":"https:\/\/api.w.org\/{rel}","templated":true}]}}