{"id":277,"date":"2007-09-18T23:14:00","date_gmt":"2007-09-18T21:14:00","guid":{"rendered":"http:\/\/kravallslojd.se\/bloggen\/?p=275"},"modified":"2007-09-18T23:14:00","modified_gmt":"2007-09-18T21:14:00","slug":"stora-ord","status":"publish","type":"post","link":"http:\/\/kravallslojd.se\/wordpress\/?p=277","title":{"rendered":"Stora ord"},"content":{"rendered":"<p>Hall\u00e5 m\u00e4nniskor!<\/p>\n<p>I morse fick jag skrapa bilrutor n\u00e4r jag \u00e5kte. K\u00e4kade f\u00f6r \u00f6vrigt frukost i bilen igen. Jag tog kurvan vid ygskorset lite f\u00f6r skarpt och tekoppen rasade. Men jag k\u00f6r med en s\u00e5dan d\u00e4r termosmugg, som har ett lock med bara ett litet h\u00e5l i. S\u00e5 jag fick bara ca. halva koppen p\u00e5 bilmattan. Det var bara stanna och f\u00f6rsiktigt lirka ut mattan du vet.<\/p>\n<p>Slutade vid fyra. Det \u00e4r alltid en sorts eufori n\u00e4r man slutar f\u00f6r dagen. D\u00e5 f\u00e5r man \u00e5ka hem och g\u00f6ra n\u00e5got kul, klarat av en dag till p\u00e5 kontoret. Idag skulle jag hem och m\u00e5la lite. Jag b\u00f6rjade grunda en tavlett och en pinnlist f\u00f6rra veckan. Jag var in p\u00e5 Kulturarvet, en byggnadsv\u00e5rdsbutik i \u00d6stersund, n\u00e4r vi \u00e5kte upp till stugan i Str\u00f6msund i sommras. De har j\u00e4kligt fina pigment. K\u00f6pte obr\u00e4nd- och br\u00e4nd terra. Nu h\u00e5ller jag p\u00e5 och m\u00e5lar med den obr\u00e4nda terran. Jag river alltid ihop f\u00e4rgen sj\u00e4lv. Den blir b\u00e4ttre t\u00e4ckande d\u00e5, inbillar jag mig, och s\u00e5 torkar den fortare, blir magrare. Det \u00e4r helt enkelt \u00f6verl\u00e4gset b\u00e4sta s\u00e4ttet att ha koll p\u00e5 vad man pysslar med. Eftersom m\u00e5lning \u00e4r ju s\u00e5 skitsv\u00e5rt som det \u00e4r, s\u00e5 man m\u00e5ste g\u00f6ra det b\u00e4sta av det. \u00c4nd\u00e5 h\u00e4nder ju of\u00f6rutsedda saker. Den h\u00e4r\u00a0f\u00e4rgen jag har blandat av det h\u00e4r pigmentet till exempel &#8211; den blev inte alls s\u00e4rskilt t\u00e4ckande. S\u00e5 jag skulle nog ha grundat med n\u00e5gon b\u00e4ttre t\u00e4ckande f\u00e4rg. Jag hade s\u00e5dant f\u00f6rtroende f\u00f6r det d\u00e4r pigmentet av n\u00e5gon anledning s\u00e5 jag bara k\u00f6rde. Nu f\u00e5r jag nog g\u00f6ra tv\u00e5 strykningar till. Det k\u00e4nns lite trist. Men det blir bra till sist tror jag.<\/p>\n<p>Jag ser framf\u00f6r mig en s\u00e5dan d\u00e4r lysande, \u00e4nd\u00e5 lite dov, m\u00e4ttad gul f\u00e4rg. M\u00e5lning \u00e4r en s\u00e5dan d\u00e4r grej man verkligen f\u00e5r k\u00e4mpa med. \u00c5tminstone har jag f\u00e5tt g\u00f6ra det, f\u00f6r att hitta det d\u00e4r tunga uttrycket. Av n\u00e5gon anledning gillar jag inte \u00e4ggoljetemperan. Jag k\u00f6r bara linolja och pigment. \u00c4ggoljetempera \u00e4r f\u00f6r snabbt, hehe. N\u00e4r det g\u00e4ller m\u00e5lning lever jag slow. Fast jag str\u00e4cker mig faktiskt till att jag anv\u00e4nder F\u00e4rgrikets linolja och blandar ut f\u00e4rgpastan med. Den inneh\u00e5ller n\u00e5gon sorts torkmedel, milj\u00f6v\u00e4nligt s\u00e5dant, s\u00e5 det g\u00e5r lite fortare d\u00e5. Sedan tror jag att terran torkar ganska fort i sig.<\/p>\n<p><img decoding=\"async\" src=\"http:\/\/kravallslojd.se\/bloggen\/wp-content\/uploads\/2007\/09\/tavlett.jpg\" height=\"200\" \/>\u00a0 <img decoding=\"async\" src=\"http:\/\/kravallslojd.se\/bloggen\/wp-content\/uploads\/2007\/09\/rivafarg.jpg\" height=\"200\" \/>\u00a0\u00a0<img decoding=\"async\" src=\"http:\/\/kravallslojd.se\/bloggen\/wp-content\/uploads\/2007\/09\/rillhyvel.jpg\" height=\"200\" \/><\/p>\n<p align=\"center\"><em>Tavletten, f\u00e4rgen, rillorna \u00e4r gjorda med profilhyvel &#8211; min compadre<\/em><\/p>\n<p>Egentligen hade jag t\u00e4nkt m\u00e5la ig\u00e5r, men d\u00e5 kollade jag p\u00e5 &#8221;upp till kamp&#8221;. Den serien inspirerar mig. Den f\u00e5r mig n\u00e4stan att vilja bli proggare. S\u00e4ga vad man vill om alla konstiga fraktioner och s\u00e5 vidare, men om det nu \u00e4r s\u00e5 som serien visar, och det verkar ju m\u00e5nga antyda &#8211; att den \u00e4r ganska autentisk, s\u00e5 trodde de p\u00e5 gemenskap. Det \u00e4r stort.\u00a0Gemenskap, det \u00e4r det enda. M\u00e4nniskan \u00e4r skapad f\u00f6r gemenskap, det \u00e4r jag \u00f6vertygad om. N\u00e4r man k\u00e4nner att man vill dra sig undan gemenskap, att man \u00e4r bekv\u00e4m av sig och inte orkar med andra m\u00e4nniskor, d\u00e5 ska man t\u00e4nka att det \u00e4r den h\u00e4r om\u00e4nskliga, artificiella tillvaron som tar \u00f6ver ens sinne. Som en Matrix. Det \u00e4r synd att vi lever s\u00e5 ov\u00e4rdigt, tycker jag.<\/p>\n<p>Ska jag utveckla det? Inte nu tror jag &#8211; en annan g\u00e5ng i s\u00e5 fall. Men nu kom jag os\u00f6kt in p\u00e5 ett boktips. Idag n\u00e4r jag \u00e5kte hem funderade jag p\u00e5 vad jag skulle blogga idag. Jag\u00a0t\u00e4nkte ge ett boktips, men det k\u00e4ndes lite krystat, men detta \u00e4r som handen i handsken. Det kan aldrig bli b\u00e4ttre. L\u00e4s &#8221;Kvinnor i v\u00e4gl\u00f6st land&#8221; av Lilian Ryd. Om ni vill veta vad jag menar med v\u00e4rdighet.\u00a0<\/p>\n<p>Imorgon ska jag ta med mig motors\u00e5gen n\u00e4r jag \u00e5ker. Anna-Carin ringde idag och sade att en bj\u00f6rk hade bl\u00e5st omkull vid hennes verkstad. Hon hade paxat den, f\u00f6r det \u00e4r n\u00e5gra vrilar p\u00e5 den. Vi k\u00f6r ig\u00e5ng v\u00e5r sl\u00f6jdstuga den 29 september igen. D\u00e5 ska vi till hennes f\u00e4bod i Harsen. Synd att min blogg \u00e4r slut d\u00e5, det blir s\u00e4kert riktigt kul.<\/p>\n<p><img decoding=\"async\" src=\"http:\/\/kravallslojd.se\/bloggen\/wp-content\/uploads\/2007\/09\/ollemvril.jpg\" height=\"250\" \/>\u00a0<em>Olle med storvril\u00b4n &#8211;\u00a0keep \u00e9m coming&#8230; :)<\/em><\/p>\n<p>Nu m\u00e5ste jag ner och m\u00e5la pinnlisten ocks\u00e5, hann inte det f\u00f6r Olle b\u00f6rjade tjuta efter kv\u00e4llsv\u00e4llingen.<\/p>\n<p>&#8230;och tv\u00e4tta penseln.<\/p>\n<p>\/Niklas<\/p>\n","protected":false},"excerpt":{"rendered":"<p>Hall\u00e5 m\u00e4nniskor! I morse fick jag skrapa bilrutor n\u00e4r jag \u00e5kte. K\u00e4kade f\u00f6r \u00f6vrigt frukost i bilen igen. Jag tog kurvan vid ygskorset lite f\u00f6r skarpt och tekoppen rasade. Men jag k\u00f6r med en s\u00e5dan d\u00e4r termosmugg, som har ett lock med bara ett litet h\u00e5l i. S\u00e5 jag fick bara ca. halva koppen p\u00e5 [&hellip;]<\/p>\n","protected":false},"author":34,"featured_media":0,"comment_status":"open","ping_status":"closed","sticky":false,"template":"","format":"standard","meta":[],"categories":[74],"tags":[],"_links":{"self":[{"href":"http:\/\/kravallslojd.se\/wordpress\/index.php?rest_route=\/wp\/v2\/posts\/277"}],"collection":[{"href":"http:\/\/kravallslojd.se\/wordpress\/index.php?rest_route=\/wp\/v2\/posts"}],"about":[{"href":"http:\/\/kravallslojd.se\/wordpress\/index.php?rest_route=\/wp\/v2\/types\/post"}],"author":[{"embeddable":true,"href":"http:\/\/kravallslojd.se\/wordpress\/index.php?rest_route=\/wp\/v2\/users\/34"}],"replies":[{"embeddable":true,"href":"http:\/\/kravallslojd.se\/wordpress\/index.php?rest_route=%2Fwp%2Fv2%2Fcomments&post=277"}],"version-history":[{"count":0,"href":"http:\/\/kravallslojd.se\/wordpress\/index.php?rest_route=\/wp\/v2\/posts\/277\/revisions"}],"wp:attachment":[{"href":"http:\/\/kravallslojd.se\/wordpress\/index.php?rest_route=%2Fwp%2Fv2%2Fmedia&parent=277"}],"wp:term":[{"taxonomy":"category","embeddable":true,"href":"http:\/\/kravallslojd.se\/wordpress\/index.php?rest_route=%2Fwp%2Fv2%2Fcategories&post=277"},{"taxonomy":"post_tag","embeddable":true,"href":"http:\/\/kravallslojd.se\/wordpress\/index.php?rest_route=%2Fwp%2Fv2%2Ftags&post=277"}],"curies":[{"name":"wp","href":"https:\/\/api.w.org\/{rel}","templated":true}]}}