{"id":2884,"date":"2010-04-20T21:06:39","date_gmt":"2010-04-20T20:06:39","guid":{"rendered":"http:\/\/kravallslojd.se\/wordpress\/?p=2884"},"modified":"2010-04-20T22:09:11","modified_gmt":"2010-04-20T21:09:11","slug":"det-ar-lattare-att-odla-vaxter-an-kreativitet","status":"publish","type":"post","link":"http:\/\/kravallslojd.se\/wordpress\/?p=2884","title":{"rendered":"Det \u00e4r l\u00e4ttare att odla v\u00e4xter \u00e4n kreativitet"},"content":{"rendered":"<p>V\u00e5ren b\u00f6rjar k\u00e4nnas av \u00e4ven h\u00e4r uppe i Ume\u00e5 nu. F\u00f6rutom att \u00f6gonen b\u00f6rjar f\u00e5 den karakteristiska r\u00f6drosa kanten, som bara v\u00e5rallergin kan frambringa, s\u00e5 krymper faktisk sn\u00f6h\u00f6garna och tanken p\u00e5 balkongv\u00e4xter kommer.<br \/>\nDet \u00e4r \u00e4ven s\u00e5 h\u00e4r p\u00e5 v\u00e5rkanten som kreativiteten b\u00f6rjar gro och allt storslaget som man t\u00e4nker f\u00f6rverkliga under semestern b\u00f6rjar ta form. Hur man ska f\u00e5 fatt i tanken och faktiskt realisera sina id\u00e9er \u00e4r n\u00e5got jag inte riktigt har f\u00e5tt styr p\u00e5 \u00e4n\u2026<\/p>\n<p>Har k\u00f6pt blommfr\u00f6 till balkongl\u00e5dan och reflekterade \u00f6ver att de flesta fr\u00f6p\u00e5sar utlovar en grobarhet p\u00e5 75%. S\u00e5 om vi t\u00e4nker oss att det f\u00e5r utg\u00f6ra n\u00e5gon form av norm \u00e4ven n\u00e4r det g\u00e4ller grobarhet p\u00e5 id\u00e9er, s\u00e5 borde man f\u00e5 ett lyckat resultat bara man f\u00f6ljer anvisningarna.<br \/>\nS\u00e5 vilka \u00e4r anvisningarna f\u00f6r att odla sin kreativitet?<br \/>\nF\u00f6rodling eller direkts\u00e5dd?<br \/>\nHur djupt ska det planteras och n\u00e4r \u00e4r den f\u00f6rv\u00e4ntade blomstringstiden?<\/p>\n<p><a href=\"http:\/\/kravallslojd.se\/wordpress\/wp-content\/uploads\/2010\/04\/1sanyaideer.jpg\" ><img decoding=\"async\" loading=\"lazy\" class=\"alignnone size-full wp-image-2882\" title=\"Kravallsl\u00f6jd s\u00e5r nya ideer\" src=\"http:\/\/kravallslojd.se\/wordpress\/wp-content\/uploads\/2010\/04\/1sanyaideer.jpg\" alt=\"\" width=\"525\" height=\"394\" srcset=\"http:\/\/kravallslojd.se\/wordpress\/wp-content\/uploads\/2010\/04\/1sanyaideer.jpg 640w, http:\/\/kravallslojd.se\/wordpress\/wp-content\/uploads\/2010\/04\/1sanyaideer-300x225.jpg 300w\" sizes=\"(max-width: 525px) 100vw, 525px\" \/><\/a><\/p>\n<p>Fr\u00f6er s\u00e4ljs ofta f\u00e4rgkodade, d\u00e4r de billigaste har gr\u00f6n markering och de dyraste r\u00f6d. Kan man kanske n\u00e4r man st\u00e5r med en bra id\u00e9 g\u00e5 till fr\u00f6st\u00e4llet och ta en p\u00e5se i den kategorin man sj\u00e4lv k\u00e4nner att man t\u00e4nker spendera p\u00e5 sin vision.<br \/>\nEn enkel tanke \u00e4r en gr\u00f6n p\u00e5se, en mellan dyr uppfinning att genomf\u00f6ra en gul p\u00e5se och en dyr innovation en r\u00f6d, sedan bara applicera anvisningarna p\u00e5 p\u00e5sen till sin id\u00e9. Det fina \u00e4r att blomstringstiden \u00e4r tydligt utm\u00e4rkt och den har ett b\u00e4st f\u00f6re datum att h\u00e5lla sig till.<\/p>\n<p><a href=\"http:\/\/kravallslojd.se\/wordpress\/wp-content\/uploads\/2010\/04\/2sanyaideer.jpg\" ><img decoding=\"async\" loading=\"lazy\" class=\"alignleft size-medium wp-image-2883\" style=\"margin-left: 10px; margin-right: 10px;\" title=\"S\u00e5r nya ideer\" src=\"http:\/\/kravallslojd.se\/wordpress\/wp-content\/uploads\/2010\/04\/2sanyaideer-300x258.jpg\" alt=\"\" width=\"300\" height=\"258\" srcset=\"http:\/\/kravallslojd.se\/wordpress\/wp-content\/uploads\/2010\/04\/2sanyaideer-300x258.jpg 300w, http:\/\/kravallslojd.se\/wordpress\/wp-content\/uploads\/2010\/04\/2sanyaideer.jpg 500w\" sizes=\"(max-width: 300px) 100vw, 300px\" \/><\/a><span style=\"color: #ffffff;\">.<br \/>\n.<br \/>\n.<br \/>\n.<br \/>\n.<br \/>\n<\/span><span style=\"color: #ffffff;\"><br \/>\n.<\/span><\/p>\n<p>P\u00e5 min fr\u00f6p\u00e5se st\u00e5r det att man ska l\u00e4gga fr\u00f6na i ljummet vatten ett dygn innan s\u00e5dd.<br \/>\nDet \u00e4r bara att g\u00e5 och tappa upp badkaret och hoppa i, ska man satsa p\u00e5 n\u00e5got g\u00e4ller det att g\u00f6ra det helhj\u00e4rtat&#8230;<\/p>\n","protected":false},"excerpt":{"rendered":"<p>V\u00e5ren b\u00f6rjar k\u00e4nnas av \u00e4ven h\u00e4r uppe i Ume\u00e5 nu. F\u00f6rutom att \u00f6gonen b\u00f6rjar f\u00e5 den karakteristiska r\u00f6drosa kanten, som bara v\u00e5rallergin kan frambringa, s\u00e5 krymper faktisk sn\u00f6h\u00f6garna och tanken p\u00e5 balkongv\u00e4xter kommer. Det \u00e4r \u00e4ven s\u00e5 h\u00e4r p\u00e5 v\u00e5rkanten som kreativiteten b\u00f6rjar gro och allt storslaget som man t\u00e4nker f\u00f6rverkliga under semestern b\u00f6rjar ta [&hellip;]<\/p>\n","protected":false},"author":19,"featured_media":0,"comment_status":"open","ping_status":"open","sticky":false,"template":"","format":"standard","meta":[],"categories":[92],"tags":[221,220,219,101],"_links":{"self":[{"href":"http:\/\/kravallslojd.se\/wordpress\/index.php?rest_route=\/wp\/v2\/posts\/2884"}],"collection":[{"href":"http:\/\/kravallslojd.se\/wordpress\/index.php?rest_route=\/wp\/v2\/posts"}],"about":[{"href":"http:\/\/kravallslojd.se\/wordpress\/index.php?rest_route=\/wp\/v2\/types\/post"}],"author":[{"embeddable":true,"href":"http:\/\/kravallslojd.se\/wordpress\/index.php?rest_route=\/wp\/v2\/users\/19"}],"replies":[{"embeddable":true,"href":"http:\/\/kravallslojd.se\/wordpress\/index.php?rest_route=%2Fwp%2Fv2%2Fcomments&post=2884"}],"version-history":[{"count":14,"href":"http:\/\/kravallslojd.se\/wordpress\/index.php?rest_route=\/wp\/v2\/posts\/2884\/revisions"}],"predecessor-version":[{"id":2897,"href":"http:\/\/kravallslojd.se\/wordpress\/index.php?rest_route=\/wp\/v2\/posts\/2884\/revisions\/2897"}],"wp:attachment":[{"href":"http:\/\/kravallslojd.se\/wordpress\/index.php?rest_route=%2Fwp%2Fv2%2Fmedia&parent=2884"}],"wp:term":[{"taxonomy":"category","embeddable":true,"href":"http:\/\/kravallslojd.se\/wordpress\/index.php?rest_route=%2Fwp%2Fv2%2Fcategories&post=2884"},{"taxonomy":"post_tag","embeddable":true,"href":"http:\/\/kravallslojd.se\/wordpress\/index.php?rest_route=%2Fwp%2Fv2%2Ftags&post=2884"}],"curies":[{"name":"wp","href":"https:\/\/api.w.org\/{rel}","templated":true}]}}