{"id":2931,"date":"2010-04-23T09:51:47","date_gmt":"2010-04-23T08:51:47","guid":{"rendered":"http:\/\/kravallslojd.se\/wordpress\/?p=2931"},"modified":"2010-04-23T09:51:47","modified_gmt":"2010-04-23T08:51:47","slug":"varfor-ar-det-sa-ont-om-q","status":"publish","type":"post","link":"http:\/\/kravallslojd.se\/wordpress\/?p=2931","title":{"rendered":"Varf\u00f6r \u00e4r det s\u00e5 ont om Q?"},"content":{"rendered":"<p><a href=\"http:\/\/kravallslojd.se\/wordpress\/wp-content\/uploads\/2010\/04\/liten.jpg\" ><img decoding=\"async\" loading=\"lazy\" class=\"alignleft size-full  wp-image-2909\" title=\"Varf\u00f6r \u00e4r det s\u00e5 ont om Q?\" src=\"http:\/\/kravallslojd.se\/wordpress\/wp-content\/uploads\/2010\/04\/liten.jpg\" alt=\"\" width=\"282\" height=\"392\" srcset=\"http:\/\/kravallslojd.se\/wordpress\/wp-content\/uploads\/2010\/04\/liten.jpg 282w, http:\/\/kravallslojd.se\/wordpress\/wp-content\/uploads\/2010\/04\/liten-215x300.jpg 215w\" sizes=\"(max-width: 282px) 100vw, 282px\" \/><\/a>Idag fredag \u00e4r det V\u00e4rldsbokdagen.<\/p>\n<p>Jag vill passa p\u00e5 att tipsa om en bok som jag kommer ih\u00e5g fr\u00e5n min barndom det \u00e4r Hasse Alfredsons bok;<br \/>\nVarf\u00f6r \u00e4r det s\u00e5 ont om Q?<\/p>\n<p>Den kom p\u00e5 tal f\u00f6r n\u00e5gra helger sedan n\u00e4r vi i Kravallsl\u00f6jd CREW hade en utbildningshelg och <a href=\"http:\/\/kravallslojd.se\/s2\/lista-pa-alla\/954-anna-palm.html\"  target=\"_blank\">temat var Queert<\/a>.<br \/>\nQueert inom sl\u00f6jd och hbt-r\u00f6relse kan, om man vill, bara ben\u00e4mnas med Q.<br \/>\nOch d\u00e5 kom fr\u00e5gan; men varf\u00f6r \u00e4r det s\u00e5 ont om Q? (i sammanhanget varf\u00f6r ser vi s\u00e5 lite Q-sl\u00f6jd i samh\u00e4llet.)<\/p>\n<p>Jag begav mig till biblioteket och den sn\u00e4lle mannen var nere i barnboksarkivet en l\u00e5ng stund innan han kom upp med ett dammigt exemplar. Har f\u00f6rs\u00f6kt att f\u00e5 svar p\u00e5 min fr\u00e5ga genom att l\u00e4sa boken med med Queera \u00f6gon och det \u00e4r klart att det \u00e4r ont om Q n\u00e4r det g\u00e5r runt en gul hund med bl\u00e5 byxor och \u00e4ter upp alla.<\/p>\n<p>I barnprogrammet l\u00e4ste Hasse Alfredson ur sin bok och jag minns illustrationerna, som \u00e4r gjorda av Bj\u00f6rn Berg, som n\u00e5got alldeles extra.<br \/>\nBoken utkom f\u00f6rsta g\u00e5ngen 1968 och ger \u00e4n i dag en mysig l\u00e4sning som drar i smilbanden.<\/p>\n","protected":false},"excerpt":{"rendered":"<p>Idag fredag \u00e4r det V\u00e4rldsbokdagen. Jag vill passa p\u00e5 att tipsa om en bok som jag kommer ih\u00e5g fr\u00e5n min barndom det \u00e4r Hasse Alfredsons bok; Varf\u00f6r \u00e4r det s\u00e5 ont om Q? Den kom p\u00e5 tal f\u00f6r n\u00e5gra helger sedan n\u00e4r vi i Kravallsl\u00f6jd CREW hade en utbildningshelg och temat var Queert. Queert inom [&hellip;]<\/p>\n","protected":false},"author":19,"featured_media":0,"comment_status":"open","ping_status":"open","sticky":false,"template":"","format":"standard","meta":[],"categories":[92],"tags":[],"_links":{"self":[{"href":"http:\/\/kravallslojd.se\/wordpress\/index.php?rest_route=\/wp\/v2\/posts\/2931"}],"collection":[{"href":"http:\/\/kravallslojd.se\/wordpress\/index.php?rest_route=\/wp\/v2\/posts"}],"about":[{"href":"http:\/\/kravallslojd.se\/wordpress\/index.php?rest_route=\/wp\/v2\/types\/post"}],"author":[{"embeddable":true,"href":"http:\/\/kravallslojd.se\/wordpress\/index.php?rest_route=\/wp\/v2\/users\/19"}],"replies":[{"embeddable":true,"href":"http:\/\/kravallslojd.se\/wordpress\/index.php?rest_route=%2Fwp%2Fv2%2Fcomments&post=2931"}],"version-history":[{"count":14,"href":"http:\/\/kravallslojd.se\/wordpress\/index.php?rest_route=\/wp\/v2\/posts\/2931\/revisions"}],"predecessor-version":[{"id":2973,"href":"http:\/\/kravallslojd.se\/wordpress\/index.php?rest_route=\/wp\/v2\/posts\/2931\/revisions\/2973"}],"wp:attachment":[{"href":"http:\/\/kravallslojd.se\/wordpress\/index.php?rest_route=%2Fwp%2Fv2%2Fmedia&parent=2931"}],"wp:term":[{"taxonomy":"category","embeddable":true,"href":"http:\/\/kravallslojd.se\/wordpress\/index.php?rest_route=%2Fwp%2Fv2%2Fcategories&post=2931"},{"taxonomy":"post_tag","embeddable":true,"href":"http:\/\/kravallslojd.se\/wordpress\/index.php?rest_route=%2Fwp%2Fv2%2Ftags&post=2931"}],"curies":[{"name":"wp","href":"https:\/\/api.w.org\/{rel}","templated":true}]}}