{"id":299,"date":"2007-07-02T12:05:16","date_gmt":"2007-07-02T10:05:16","guid":{"rendered":"http:\/\/kravallslojd.se\/bloggen\/?p=154"},"modified":"2007-07-02T12:05:16","modified_gmt":"2007-07-02T10:05:16","slug":"154-4","status":"publish","type":"post","link":"http:\/\/kravallslojd.se\/wordpress\/?p=299","title":{"rendered":""},"content":{"rendered":"<p>N\u00e4r jag blev tillfr\u00e5gad om jag ville blogga h\u00e4r en vecka t\u00e4nkte jag :Jaaaa!!! Jag har j\u00e4ttemycket att skriva om. Nu sitter jag h\u00e4r och t\u00e4nker att jag borde b\u00f6rja med n\u00e5got inledande och inget av det jag har t\u00e4nkt skriva passar riktigt\u2026 Ni f\u00e5r h\u00e5lla till godo.<\/p>\n<p><a href=\"http:\/\/kravallslojd.se\/bloggen\/wp-content\/uploads\/2007\/07\/dscf00732.JPG\"  title='V\u00e4vt Lovecraft- monster'><img src='http:\/\/kravallslojd.se\/bloggen\/wp-content\/uploads\/2007\/07\/dscf00732.tumnagel.JPG' alt='V\u00e4vt Lovecraft- monster' \/><\/a><\/p>\n<p>Jag g\u00e5r som sagt p\u00e5 textill\u00e4rarutbildningen i Uppsala och n\u00e4r vi slutade terminen f\u00f6r ca tre- fyra veckor sen var jag s\u00e5 tr\u00f6tt p\u00e5 att skapa och dr\u00e4nerad estetiskt att jag inte trodde att jag skulle r\u00f6ra n\u00e5got hantverkande p\u00e5 hela sommaren. Fel hade jag, p\u00e5 dessa veckor har jag hunnit skapa en sm\u00e5tt imponerande liten h\u00f6g och \u00e4ven g\u00f6ra klart en del som har varit liggande. Inte s\u00e5 f\u00f6rv\u00e5nande kanske, jag \u00e4r en av de d\u00e4r som \u201dandas\u201d och lever genom hantverket, s\u00e4kert som en hel del andra h\u00e4r p\u00e5 Kravallsl\u00f6jd, men jag orkade inte. Jag tycker inte om att skapa p\u00e5 kommando, eller; visst det kan jag v\u00e4l g\u00f6ra men n\u00e4r l\u00e4rare inte tar med i ber\u00e4kningen den tiden det tar att fundera ut hur man ska utforma n\u00e5got i ber\u00e4kningen f\u00f6r hur l\u00e5ng tid det faktiskt tar att g\u00f6ra men \u00e4nd\u00e5 kr\u00e4ver en genomt\u00e4nkt produkt s\u00e5 blir jag lite sur och ganska stressad. S\u00e5d\u00e4rja, nu har jag f\u00e5tt gn\u00e4lla av mig p\u00e5 mina l\u00e4rare ocks\u00e5.<\/p>\n<p>Nu ska jag och min inneboende g\u00e5 och snoka i omr\u00e5dets container som alltid \u00e4r full med en massa godsaker i m\u00f6bel- och meterialv\u00e4g i flytttider. Ig\u00e5r hittade jag ett dockhuvud som ska f\u00e5 bli blomkruka, vi f\u00e5r se vad den Gr\u00f6na Gudinnan har \u00e5t oss idag\u2026.<\/p>\n","protected":false},"excerpt":{"rendered":"<p>N\u00e4r jag blev tillfr\u00e5gad om jag ville blogga h\u00e4r en vecka t\u00e4nkte jag :Jaaaa!!! Jag har j\u00e4ttemycket att skriva om. Nu sitter jag h\u00e4r och t\u00e4nker att jag borde b\u00f6rja med n\u00e5got inledande och inget av det jag har t\u00e4nkt skriva passar riktigt\u2026 Ni f\u00e5r h\u00e5lla till godo. Jag g\u00e5r som sagt p\u00e5 textill\u00e4rarutbildningen i [&hellip;]<\/p>\n","protected":false},"author":27,"featured_media":0,"comment_status":"open","ping_status":"closed","sticky":false,"template":"","format":"standard","meta":[],"categories":[37],"tags":[],"_links":{"self":[{"href":"http:\/\/kravallslojd.se\/wordpress\/index.php?rest_route=\/wp\/v2\/posts\/299"}],"collection":[{"href":"http:\/\/kravallslojd.se\/wordpress\/index.php?rest_route=\/wp\/v2\/posts"}],"about":[{"href":"http:\/\/kravallslojd.se\/wordpress\/index.php?rest_route=\/wp\/v2\/types\/post"}],"author":[{"embeddable":true,"href":"http:\/\/kravallslojd.se\/wordpress\/index.php?rest_route=\/wp\/v2\/users\/27"}],"replies":[{"embeddable":true,"href":"http:\/\/kravallslojd.se\/wordpress\/index.php?rest_route=%2Fwp%2Fv2%2Fcomments&post=299"}],"version-history":[{"count":0,"href":"http:\/\/kravallslojd.se\/wordpress\/index.php?rest_route=\/wp\/v2\/posts\/299\/revisions"}],"wp:attachment":[{"href":"http:\/\/kravallslojd.se\/wordpress\/index.php?rest_route=%2Fwp%2Fv2%2Fmedia&parent=299"}],"wp:term":[{"taxonomy":"category","embeddable":true,"href":"http:\/\/kravallslojd.se\/wordpress\/index.php?rest_route=%2Fwp%2Fv2%2Fcategories&post=299"},{"taxonomy":"post_tag","embeddable":true,"href":"http:\/\/kravallslojd.se\/wordpress\/index.php?rest_route=%2Fwp%2Fv2%2Ftags&post=299"}],"curies":[{"name":"wp","href":"https:\/\/api.w.org\/{rel}","templated":true}]}}