{"id":314,"date":"2007-09-24T22:17:34","date_gmt":"2007-09-24T20:17:34","guid":{"rendered":"http:\/\/kravallslojd.se\/bloggen\/?p=290"},"modified":"2007-09-24T22:17:34","modified_gmt":"2007-09-24T20:17:34","slug":"290","status":"publish","type":"post","link":"http:\/\/kravallslojd.se\/wordpress\/?p=314","title":{"rendered":"Bil\u00e4ventyr"},"content":{"rendered":"<p><font face=\"Times New Roman\"><a href=\"http:\/\/kravallslojd.se\/bloggen\/?attachment_id=291\" rel=\"attachment wp-att-291\"  title=\"Sammanfogning av damaskpaket\"><\/a><a href=\"http:\/\/kravallslojd.se\/bloggen\/?attachment_id=292\" rel=\"attachment wp-att-292\"  title=\"assjan.jpg\"><\/a><a href=\"http:\/\/kravallslojd.se\/bloggen\/?attachment_id=295\" rel=\"attachment wp-att-295\"  title=\"svetsbilden.jpg\"><\/a><\/font><\/p>\n<p>Hejsan!<\/p>\n<p>Jag heter Tor Birkelund och ska vara denna veckas bloggare.<\/p>\n<p>Jag n\u00e4mner lite om min sl\u00f6jdbakgrund f\u00f6rst s\u00e5 ni vet vem det \u00e4r som skriver.<\/p>\n<p>\u00a0Jag har alltid varit intresserad av hantverk. F\u00f6r n\u00e5gra \u00e5r sen gick jag en knivkurs, detta f\u00f6ljdes av bl.a. delaktighet i lokal sl\u00f6jdf\u00f6rening, studier i konsthantverkets historia, b\u00f6rjade sl\u00f6jdl\u00e4rarprogrammet, slutade f\u00f6r att g\u00e5 sl\u00f6jdlinjen p\u00e5 Vindelns folkh\u00f6gskola, jobb som sl\u00f6jdl\u00e4rare, vikariat som hemsl\u00f6jdskonsulent f\u00f6r barn och ungdom i V\u00e4sterbotten samt medarbetare i projekt Sl\u00f6jdcirkus och sl\u00f6jdklubben i V\u00e4sterbotten. Och nu befinner jag mig allts\u00e5 i Tornedalen p\u00e5 en utbildning i smide. Ja<a href=\"http:\/\/kravallslojd.se\/bloggen\/?attachment_id=296\" rel=\"attachment wp-att-296\"  title=\"svetsning.jpg\"><\/a><a href=\"http:\/\/kravallslojd.se\/bloggen\/?attachment_id=296\" rel=\"attachment wp-att-296\"  title=\"svetsning.jpg\"><\/a>g \u00e4r knivsl\u00f6jdare och f\u00f6rkovrar mig nu i \u00e4mnet damasksmide. Jag ska f\u00f6rs\u00f6ka att under veckan l\u00e4gga in lite bilder och visa hur detta g\u00e5r till, samt kanske visa lite annat vad man kan g\u00f6ra i denna del av landet.<\/p>\n<p>Nu ska jag f\u00f6rs\u00f6ka l\u00e4gga in ett par bilder jag tog idag. Vi f\u00e5r se hur det g\u00e5r, jag \u00e4r ganska tr\u00f6tt och har inte hunnit komma hem \u00e4n.<\/p>\n<p>I eftermiddags skulle jag in till samh\u00e4llet (25 km) och l\u00e5na en kassett med mungiga och mongolisk strups\u00e5ng av en ungersk skinnhantverksl\u00e4rarvikarie och jag\u00a0\u00e5kte\u00a040 \u00e5r gammal\u00a0volvo \u00a0som inte varit besiktad p\u00e5 6 \u00e5r, eftersom det inte fanns n\u00e5n bensin i den vanliga volvon som endast \u00e4r 20 \u00e5r, d\u00e5 jag tr\u00e4ffade bekanta som beh\u00f6vde hj\u00e4lp med b.la. bogsering. Jag fick ett tips om att polisen inte jobbar ikv\u00e4ll, men var \u00e4nd\u00e5 tvungen att \u00e5ka och byta bil eftersom den inte hade dragkrok.<\/p>\n<p>N\u00e4r den andra volvon var p\u00e5 plats fanns det dock andra faktorer som p\u00e5verkade situationen. V\u00e4nster backspegel hade ramlat av, det var t\u00e4t dimma, extraljusen funkade inte, och radion upplyste om att flera p\u00e5k\u00f6rda renar (det brukar finnas fler i n\u00e4rheten) l\u00e5g p\u00e5 v\u00e4gen mot Lapptr\u00e4sk (n\u00e4ra).<\/p>\n<p>Hursomhelst, n\u00e4tverket hemma strejkar s\u00e5 nu sitter jag p\u00e5 skolan klockan halv tio med min fem\u00e5riga son som snart borde sova eftersom jag m\u00e5ste vara tillbaka h\u00e4r kl 07.00 imorgon.<\/p>\n<p>H\u00e4r kommer bilderna och nu g\u00e5r jag hem och sover. Forts\u00e4ttning f\u00f6ljer..<\/p>\n<p>\u00a0\u00a0\u00a0<a href=\"http:\/\/kravallslojd.se\/bloggen\/?attachment_id=291\" rel=\"attachment wp-att-291\"  title=\"Sammanfogning av damaskpaket\"><\/a><a href=\"http:\/\/kravallslojd.se\/bloggen\/?attachment_id=292\" rel=\"attachment wp-att-292\"  title=\"assjan.jpg\"><\/a><a href=\"http:\/\/kravallslojd.se\/bloggen\/?attachment_id=295\" rel=\"attachment wp-att-295\"  title=\"svetsbilden.jpg\"><\/a><a href=\"http:\/\/kravallslojd.se\/bloggen\/?attachment_id=296\" rel=\"attachment wp-att-296\"  title=\"svetsning.jpg\"><img decoding=\"async\" src=\"http:\/\/kravallslojd.se\/bloggen\/wp-content\/uploads\/2007\/09\/svetsning.tumnagel.jpg\" alt=\"svetsning.jpg\" \/><\/a>\u00a0\u00a0\u00a0\u00a0\u00a0\u00a0\u00a0<a href=\"http:\/\/kravallslojd.se\/bloggen\/?attachment_id=291\" rel=\"attachment wp-att-291\"  title=\"Sammanfogning av damaskpaket\"><\/a><a href=\"http:\/\/kravallslojd.se\/bloggen\/?attachment_id=292\" rel=\"attachment wp-att-292\"  title=\"assjan.jpg\"><img decoding=\"async\" src=\"http:\/\/kravallslojd.se\/bloggen\/wp-content\/uploads\/2007\/09\/assjan.tumnagel.jpg\" alt=\"assjan.jpg\" \/><\/a>\u00a0\u00a0\u00a0\u00a0\u00a0\u00a0\u00a0<a href=\"http:\/\/kravallslojd.se\/bloggen\/?attachment_id=293\" rel=\"attachment wp-att-293\"  title=\"stora-hammaren.jpg\"><img decoding=\"async\" src=\"http:\/\/kravallslojd.se\/bloggen\/wp-content\/uploads\/2007\/09\/stora-hammaren.tumnagel.jpg\" alt=\"stora-hammaren.jpg\" \/><\/a>\u00a0<\/p>\n<p>Det var kanske inte riktigt sant att det var jag som tog bilderna eftersom det \u00e4r jag som avbildats.<\/p>\n","protected":false},"excerpt":{"rendered":"<p>Hejsan! Jag heter Tor Birkelund och ska vara denna veckas bloggare. Jag n\u00e4mner lite om min sl\u00f6jdbakgrund f\u00f6rst s\u00e5 ni vet vem det \u00e4r som skriver. \u00a0Jag har alltid varit intresserad av hantverk. F\u00f6r n\u00e5gra \u00e5r sen gick jag en knivkurs, detta f\u00f6ljdes av bl.a. delaktighet i lokal sl\u00f6jdf\u00f6rening, studier i konsthantverkets historia, b\u00f6rjade sl\u00f6jdl\u00e4rarprogrammet, [&hellip;]<\/p>\n","protected":false},"author":6,"featured_media":0,"comment_status":"open","ping_status":"closed","sticky":false,"template":"","format":"standard","meta":[],"categories":[87],"tags":[],"_links":{"self":[{"href":"http:\/\/kravallslojd.se\/wordpress\/index.php?rest_route=\/wp\/v2\/posts\/314"}],"collection":[{"href":"http:\/\/kravallslojd.se\/wordpress\/index.php?rest_route=\/wp\/v2\/posts"}],"about":[{"href":"http:\/\/kravallslojd.se\/wordpress\/index.php?rest_route=\/wp\/v2\/types\/post"}],"author":[{"embeddable":true,"href":"http:\/\/kravallslojd.se\/wordpress\/index.php?rest_route=\/wp\/v2\/users\/6"}],"replies":[{"embeddable":true,"href":"http:\/\/kravallslojd.se\/wordpress\/index.php?rest_route=%2Fwp%2Fv2%2Fcomments&post=314"}],"version-history":[{"count":0,"href":"http:\/\/kravallslojd.se\/wordpress\/index.php?rest_route=\/wp\/v2\/posts\/314\/revisions"}],"wp:attachment":[{"href":"http:\/\/kravallslojd.se\/wordpress\/index.php?rest_route=%2Fwp%2Fv2%2Fmedia&parent=314"}],"wp:term":[{"taxonomy":"category","embeddable":true,"href":"http:\/\/kravallslojd.se\/wordpress\/index.php?rest_route=%2Fwp%2Fv2%2Fcategories&post=314"},{"taxonomy":"post_tag","embeddable":true,"href":"http:\/\/kravallslojd.se\/wordpress\/index.php?rest_route=%2Fwp%2Fv2%2Ftags&post=314"}],"curies":[{"name":"wp","href":"https:\/\/api.w.org\/{rel}","templated":true}]}}