{"id":345,"date":"2007-07-07T16:59:54","date_gmt":"2007-07-07T14:59:54","guid":{"rendered":"http:\/\/kravallslojd.se\/bloggen\/?p=161"},"modified":"2007-07-07T16:59:54","modified_gmt":"2007-07-07T14:59:54","slug":"161-5","status":"publish","type":"post","link":"http:\/\/kravallslojd.se\/wordpress\/?p=345","title":{"rendered":""},"content":{"rendered":"<p>Jag suger p\u00e5 beskrivningar, men:<br \/>\nM\u00f6nster p\u00e5 v\u00e4rldens b\u00e4sta m\u00f6ssa:<\/p>\n<p>Du beh\u00f6ver:<br \/>\n*Garn som du tycker om. Hur mycket beror p\u00e5 hur h\u00e5rt du virkar m\u00f6ssan, hur stor den ska vara och hur l\u00e5ngt garnet \u00e4r.<br \/>\n*En virkn\u00e5l som passar till garnet.<\/p>\n<p>Virka luftmaskor i en l\u00e5ng snodd tills den r\u00e4cker runt ditt huvud och du f\u00e5r in kanske tv\u00e5 tre fingrar. Virka ihop snodden till en cirkel med en smygmaska, och forts\u00e4tt sedan virka fastmaskor runt, runt, runt (var lite f\u00f6rsiktig s\u00e5 att den inte vrider sig).<br \/>\nForts\u00e4tt s\u00e5 tills den \u00e4r s\u00e5 l\u00e5ng som du vill ha den. Du ska f\u00e5 plats med huvudet och kanske en liten bit till om du vill ha det. Eller j\u00e4ttel\u00e5ng, det g\u00e5r ju ocks\u00e5. N\u00e4r du \u00e4r d\u00e4r b\u00f6rja minska antalet maskor, antingen genom att hoppa \u00f6ver var tredje eller genom att virka ihop tv\u00e5 och sedan virka en som vanligt. G\u00f6r detta vartannat varv n\u00e5gra varv. Om du vill ha en spetsig m\u00f6ssa kan du forts\u00e4tta s\u00e5h\u00e4r eller ta in f\u00e4rre maskor per varv. Vill du ha en plattare m\u00f6ssa forts\u00e4tt s\u00e5h\u00e4r tills du inte har mer \u00e4n kanske 8 maskor kvar. Klipp av och sy ihop h\u00e5let.<\/p>\n<p>Jag gjorde min f\u00f6rsta m\u00f6ssa av det h\u00e4r slaget n\u00e4r jag gick p\u00e5 gymnasiet och hade dreadlocks (massor!!) ner p\u00e5 halva ryggen och beh\u00f6vde en m\u00f6ssa d\u00e4r de fick plats. Den var i grafitgr\u00e5 ull och v\u00e4ldigt fin. Jag har kvar den \u00e4n idag och anv\u00e4nder den p\u00e5 vintrarna trots att folk s\u00e4ger att jag ser ut som en smurf. (De hade vita m\u00f6ssor, duh!)<br \/>\nSedan dess har det blivit ett par, men i nul\u00e4get har jag bara ursprungsm\u00f6ssan och en randig sak jag gjorde i v\u00e5ras. (Se bild)<br \/>\n<a href=\"http:\/\/kravallslojd.se\/bloggen\/wp-content\/uploads\/2007\/07\/randigmossa.JPG\"  title='randigmossa.JPG'><img src='http:\/\/kravallslojd.se\/bloggen\/wp-content\/uploads\/2007\/07\/randigmossa.tumnagel.JPG' alt='randigmossa.JPG' \/><\/a><\/p>\n<p>Jag \u00e4r en inspirationsboksm\u00e4nniska. Det hela b\u00f6rjade med att jag hade en massa ideer som fl\u00f6g runt i huvudet och gjorde mig stressad, samt det faktum att jag \u00e4r en notorisk samlare som aldrig kan l\u00e5ta en fin bild i en tidning vara, kombinerat med det faktum att jag gillar att klippa och klistra. jag har dessutom skrivit dagbok sedan jag var 9-10 \u00e5r och dessa har periodvis varit mer av teckningsb\u00f6cker \u00e4n n\u00e5got annat, men p\u00e5 senare \u00e5r har deras funktion helt bytts ut. P\u00e5 ett s\u00e4tt tycker jag att det \u00e4r lite tr\u00e5kigt, men p\u00e5 andra s\u00e4tt \u00e4r det bra.<br \/>\nNu \u00e4r det v\u00e4l iofs s\u00e5 att jag inte har en bok \u00e5t g\u00e5ngen, eller ens en f\u00f6r varje tema, utan ett par tre(fyra, fem, sex, \u00e5ttiosju\u2026) stycken som ursprungligen haft helt andra syften (dagbok, lektionsanteckningar, to-do-bok) men som sedan snabbt f\u00f6rvandlats till ideb\u00f6cker i takt med att Fr\u00f6ken Holm kladdar och samlar bilder\u2026 Att jag sedan har f\u00e5tt itutat mig av l\u00e4rare och liknande personer att det \u00c4R en bra ide stoppar v\u00e4l inte heller det hejdl\u00f6sa samlandet. Jag har sv\u00e5rt att se det som annat \u00e4n just samlande- samlande av ideer och inspiration. Det jag vill komma till h\u00e4r \u00e4r att trots detta kaotiska ( ni skulle se dem\u2026) samlande och pillande s\u00e5 har de gett mig mer struktur. Vilket jag tror att m\u00e5nga personer med konstn\u00e4rliga drag kanske beh\u00f6ver. Dessutom \u00e4r det kul att titta i dem.<\/p>\n","protected":false},"excerpt":{"rendered":"<p>Jag suger p\u00e5 beskrivningar, men: M\u00f6nster p\u00e5 v\u00e4rldens b\u00e4sta m\u00f6ssa: Du beh\u00f6ver: *Garn som du tycker om. Hur mycket beror p\u00e5 hur h\u00e5rt du virkar m\u00f6ssan, hur stor den ska vara och hur l\u00e5ngt garnet \u00e4r. *En virkn\u00e5l som passar till garnet. Virka luftmaskor i en l\u00e5ng snodd tills den r\u00e4cker runt ditt huvud och [&hellip;]<\/p>\n","protected":false},"author":27,"featured_media":0,"comment_status":"open","ping_status":"closed","sticky":false,"template":"","format":"standard","meta":[],"categories":[37],"tags":[],"_links":{"self":[{"href":"http:\/\/kravallslojd.se\/wordpress\/index.php?rest_route=\/wp\/v2\/posts\/345"}],"collection":[{"href":"http:\/\/kravallslojd.se\/wordpress\/index.php?rest_route=\/wp\/v2\/posts"}],"about":[{"href":"http:\/\/kravallslojd.se\/wordpress\/index.php?rest_route=\/wp\/v2\/types\/post"}],"author":[{"embeddable":true,"href":"http:\/\/kravallslojd.se\/wordpress\/index.php?rest_route=\/wp\/v2\/users\/27"}],"replies":[{"embeddable":true,"href":"http:\/\/kravallslojd.se\/wordpress\/index.php?rest_route=%2Fwp%2Fv2%2Fcomments&post=345"}],"version-history":[{"count":0,"href":"http:\/\/kravallslojd.se\/wordpress\/index.php?rest_route=\/wp\/v2\/posts\/345\/revisions"}],"wp:attachment":[{"href":"http:\/\/kravallslojd.se\/wordpress\/index.php?rest_route=%2Fwp%2Fv2%2Fmedia&parent=345"}],"wp:term":[{"taxonomy":"category","embeddable":true,"href":"http:\/\/kravallslojd.se\/wordpress\/index.php?rest_route=%2Fwp%2Fv2%2Fcategories&post=345"},{"taxonomy":"post_tag","embeddable":true,"href":"http:\/\/kravallslojd.se\/wordpress\/index.php?rest_route=%2Fwp%2Fv2%2Ftags&post=345"}],"curies":[{"name":"wp","href":"https:\/\/api.w.org\/{rel}","templated":true}]}}