{"id":363,"date":"2007-09-29T19:20:36","date_gmt":"2007-09-29T17:20:36","guid":{"rendered":"http:\/\/kravallslojd.se\/bloggen\/?p=324"},"modified":"2007-09-29T19:20:36","modified_gmt":"2007-09-29T17:20:36","slug":"vildmarksslojd","status":"publish","type":"post","link":"http:\/\/kravallslojd.se\/wordpress\/?p=363","title":{"rendered":"Vildmarkssl\u00f6jd och vedbilar"},"content":{"rendered":"<p>Jag kom just tillbaka fr\u00e5n ett barnkalas hos en f\u00f6rskoleklasskamrat till Abraham. Det\u00a0var hos\u00a0en trevlig familj som bor vid en sj\u00f6 och\u00a0dottern har en egen renkalv.<\/p>\n<p>Det h\u00e4r \u00e4r Abraham.<\/p>\n<p><img decoding=\"async\" src=\"http:\/\/kravallslojd.se\/bloggen\/wp-content\/uploads\/2007\/09\/abbe.jpg\" alt=\"abbe.jpg\" \/><\/p>\n<p>Vi har inte sn\u00f6 \u00e4n, bilden \u00e4r fr\u00e5n i v\u00e5ras.<\/p>\n<p>S\u00e5, det h\u00e4r med bushcraft. Detta har tydligen blivit ett k\u00e4nt begrepp\u00a0och en r\u00f6relse som v\u00e4xer internationellt. Det verkar komma fr\u00e5n Australien och syfta p\u00e5 hantverks-och \u00f6verlevnads kunskaperna som innehas av folk som lever n\u00e4ra naturen. Det finns visst minst ett brittiskt TV-program med detta tema.<\/p>\n<p>Det verkar\u00a0som det h\u00e4r med bushcraft \u00e4r ganska likt vad jag sj\u00e4lv\u00a0och m\u00e5nga andra sysslar med,\u00a0det \u00e4r bara att det inte finns n\u00e5got ord f\u00f6r det i v\u00e5rt spr\u00e5k.\u00a0Kanske f\u00f6r att det inte \u00e4r s\u00e5 skiljt fr\u00e5n den normala vardagen som det \u00e4r p\u00e5 andra h\u00e5ll.<\/p>\n<p>Det \u00e4r i varje fall intressant att i denna &#8221;moderna&#8221; v\u00e4rld d\u00e4r m\u00e4nniskan skiljs mer och mer fr\u00e5n sin naturliga omgivning s\u00e5 bildas ett \u00f6kande intresse b\u00e5de f\u00f6r friluftsliv och hantverk, som\u00a0ofta har\u00a0m\u00e5nga paraleller.<\/p>\n<p>Som sl\u00f6jdl\u00e4rare jobbade jag ganska mycket p\u00e5 detta tema. Det \u00e4r l\u00e4tt att sl\u00f6jda utomhus om det \u00e4nd\u00e5 bara \u00e4r handverktyg man t\u00e4nkt anv\u00e4nda. B\u00e5de barn och vuxna uppskattar ju f\u00e5rst\u00e5s ocks\u00e5 en produkt man omedelbart f\u00e5r anv\u00e4ndning f\u00f6r. Och\u00a0dessutom blir det\u00a0en trevlig st\u00e4mning om man sitter runt en eld.<\/p>\n<p>Jakt fiske och vildmarksbetonat tema kan\u00a0\u00e4ven\u00a0vara ett tips f\u00f6r konsulenter som vill ha fler m\u00e4n p\u00e5 kurserna.<\/p>\n<p>Det blev lite trassligt resonemang\u00a0och naturligtvis h\u00f6r alla hantverk inte hemma i skogen\u00a0men jag tror det framg\u00e5r\u00a0vad jag menar.<\/p>\n<p>I b\u00f6rjan\u00a0av veckan hade jag stora f\u00f6rhoppningar om att och ta lite fina foton till bloggen\u00a0fr\u00e5n\u00a0div fiske, t\u00e4ljning och korvgrillning.\u00a0Jag t\u00e4nkte inte\u00a0d\u00e5 p\u00e5 att den h\u00e4r bloggskrivningen skulle ta upp all\u00a0min tid p\u00e5 kv\u00e4llarna.\u00a0.\u00a0<\/p>\n<p>Imorgon blir det nog inget bes\u00f6k i Lapptr\u00e4sket eftersom jag kanske f\u00e5r bes\u00f6k av tv\u00e5\u00a0killar fr\u00e5n Nepal som studerar vid Kemi Universitet.<\/p>\n<p>Nu g\u00e5r jag hem, men imorgon kommer mina funderingar\u00a0troligtvis att\u00a0till viss del innefatta\u00a0andliga dimensioner.<\/p>\n<p>Att detta idag ses som ovanligt tycker jag \u00e4r lite orov\u00e4ckande.<\/p>\n<p>F\u00f6rst m\u00e5ste jag bara l\u00e4gga in en bild p\u00e5 ett m\u00e4ktigt projekt jag har sett som \u00e4r b\u00e5de milj\u00f6v\u00e4nligt, hantverksm\u00e4ssigt och framf\u00f6rallt snyggt.<\/p>\n<p>\u00a0<img decoding=\"async\" src=\"http:\/\/kravallslojd.se\/bloggen\/wp-content\/uploads\/2007\/09\/gengas-pv.jpg\" alt=\"gengas-pv.jpg\" \/>\u00a0 <img decoding=\"async\" src=\"http:\/\/kravallslojd.se\/bloggen\/wp-content\/uploads\/2007\/09\/240gengas.jpg\" alt=\"240gengas.jpg\" \/><\/p>\n<p>Det blev visst tv\u00e5. PV:n rullar i Ume\u00e5. Snacka om coolt att k\u00f6ra omkring med ved i tanken! (Det \u00e4r fullt lagligt att bygga om bilen till gengasdrift).<\/p>\n","protected":false},"excerpt":{"rendered":"<p>Jag kom just tillbaka fr\u00e5n ett barnkalas hos en f\u00f6rskoleklasskamrat till Abraham. Det\u00a0var hos\u00a0en trevlig familj som bor vid en sj\u00f6 och\u00a0dottern har en egen renkalv. Det h\u00e4r \u00e4r Abraham. Vi har inte sn\u00f6 \u00e4n, bilden \u00e4r fr\u00e5n i v\u00e5ras. S\u00e5, det h\u00e4r med bushcraft. Detta har tydligen blivit ett k\u00e4nt begrepp\u00a0och en r\u00f6relse som [&hellip;]<\/p>\n","protected":false},"author":6,"featured_media":0,"comment_status":"open","ping_status":"closed","sticky":false,"template":"","format":"standard","meta":[],"categories":[87],"tags":[],"_links":{"self":[{"href":"http:\/\/kravallslojd.se\/wordpress\/index.php?rest_route=\/wp\/v2\/posts\/363"}],"collection":[{"href":"http:\/\/kravallslojd.se\/wordpress\/index.php?rest_route=\/wp\/v2\/posts"}],"about":[{"href":"http:\/\/kravallslojd.se\/wordpress\/index.php?rest_route=\/wp\/v2\/types\/post"}],"author":[{"embeddable":true,"href":"http:\/\/kravallslojd.se\/wordpress\/index.php?rest_route=\/wp\/v2\/users\/6"}],"replies":[{"embeddable":true,"href":"http:\/\/kravallslojd.se\/wordpress\/index.php?rest_route=%2Fwp%2Fv2%2Fcomments&post=363"}],"version-history":[{"count":0,"href":"http:\/\/kravallslojd.se\/wordpress\/index.php?rest_route=\/wp\/v2\/posts\/363\/revisions"}],"wp:attachment":[{"href":"http:\/\/kravallslojd.se\/wordpress\/index.php?rest_route=%2Fwp%2Fv2%2Fmedia&parent=363"}],"wp:term":[{"taxonomy":"category","embeddable":true,"href":"http:\/\/kravallslojd.se\/wordpress\/index.php?rest_route=%2Fwp%2Fv2%2Fcategories&post=363"},{"taxonomy":"post_tag","embeddable":true,"href":"http:\/\/kravallslojd.se\/wordpress\/index.php?rest_route=%2Fwp%2Fv2%2Ftags&post=363"}],"curies":[{"name":"wp","href":"https:\/\/api.w.org\/{rel}","templated":true}]}}