{"id":368,"date":"2007-09-30T20:14:25","date_gmt":"2007-09-30T18:14:25","guid":{"rendered":"http:\/\/kravallslojd.se\/bloggen\/?p=329"},"modified":"2007-09-30T20:14:25","modified_gmt":"2007-09-30T18:14:25","slug":"sval-vind-och-inre-strid","status":"publish","type":"post","link":"http:\/\/kravallslojd.se\/wordpress\/?p=368","title":{"rendered":"Sval vind och inre strid"},"content":{"rendered":"<p>Hejsan,<\/p>\n<p>Det blev en st\u00e4ddag idag, och jag t\u00e4nker inte skriva om det f\u00f6r det intresserar knappast n\u00e5gon.<\/p>\n<p>F\u00f6r n\u00e5gra \u00e5r sedan best\u00e4mde jag mig f\u00f6r att ist\u00e4llet f\u00f6r att vara arg p\u00e5 v\u00e4rldens or\u00e4ttvisor, bojkotta den totalt genom att f\u00f6r\u00e4ndra mig sj\u00e4lv till en fri person.<\/p>\n<p><img decoding=\"async\" src=\"http:\/\/kravallslojd.se\/bloggen\/wp-content\/uploads\/2007\/09\/hands.jpg\" alt=\"hands.jpg\" \/><\/p>\n<p>Jag t\u00e4nkte att om stress, tv, jobb,\u00a0kaffe och annat \u00f6kar tankeverksamheten tills man befinner sig i ett tillst\u00e5nd d\u00e5 man inte kan slappna av och inte heller v\u00e4lja vad man ska t\u00e4nka p\u00e5, s\u00e5 borde det finnas n\u00e5got som har motsatt verkan. N\u00e5got som g\u00f6r s\u00e5 att allt stannar upp och man befrias fr\u00e5n oro och \u00e5ngest.<\/p>\n<p>Jag b\u00f6rjade meditera f\u00f6r att bli lugn men jag blev \u00e4ven helt ov\u00e4ntat fylld av gl\u00e4dje. Problem jag v\u00e5ndats \u00f6ver slutade helt bekymra mig, och nu skrattar jag \u00e5t s\u00e5nt som jag tidigare s\u00e5g som bekymmer.<\/p>\n<p>Det verkar som om den \u00f6kande k\u00e4nslan av otillfredst\u00e4llelse inte har n\u00e5gon f\u00f6rankring i verkligheten. Den kan inte botas genom att s\u00f6ka tillf\u00e4llig tillfredst\u00e4llelse.<\/p>\n<p>Jag hittade en inneboende kraft som finns omtalad i de flesta traditioner och kulturer. Den beskrivs som en kall eld som stiger l\u00e4ngs ryggraden, men jag skulle hellre beskriva den som en sval vind.<\/p>\n<p><img decoding=\"async\" src=\"http:\/\/kravallslojd.se\/bloggen\/wp-content\/uploads\/2007\/09\/subtle_system.gif\" alt=\"subtle_system.gif\" \/><\/p>\n<p>Den g\u00f6r s\u00e5 att man inte l\u00e4ngre \u00e4r kluven och vill en sak men g\u00f6r en annan. Det s\u00e4gs att det finns 6 fiender inom oss och att denna kraft verkar genom att stoppa deras p\u00e5verkan p\u00e5 oss och och att vi genom detta kan se verkligheten klart.<\/p>\n<p>Det var hon p\u00e5 bilden nedan som l\u00e4rde mig denna teknik, och om n\u00e5n skulle vilja veta mer kan ni kolla l\u00e4nkarna.<\/p>\n<p><img decoding=\"async\" src=\"http:\/\/kravallslojd.se\/bloggen\/wp-content\/uploads\/2007\/09\/mataji1.jpg\" alt=\"mataji1.jpg\" \/><\/p>\n<p><a target=\"_blank\" href=\"http:\/\/www.youtube.com\/watch?v=9Edc9Qbb1B0\" ><font face=\"Times New Roman\">http:\/\/www.youtube.com\/watch?v=9Edc9Qbb1B0<\/font><\/a><\/p>\n<p><a target=\"_blank\" href=\"http:\/\/www.sahajayoga.se\/\" >www.sahajayoga.se<\/a><\/p>\n<p>Nu \u00e4r det slut p\u00e5 min vecka som bloggare, s\u00e5 tack f\u00f6r mig och lycka till med erat hantverk och ert inre krig!<\/p>\n<p>Om n\u00e5gon vill kan komma i kontakt med mig kan ni n\u00e5 mig p\u00e5 tor.birkelund@gmail.com<\/p>\n","protected":false},"excerpt":{"rendered":"<p>Hejsan, Det blev en st\u00e4ddag idag, och jag t\u00e4nker inte skriva om det f\u00f6r det intresserar knappast n\u00e5gon. F\u00f6r n\u00e5gra \u00e5r sedan best\u00e4mde jag mig f\u00f6r att ist\u00e4llet f\u00f6r att vara arg p\u00e5 v\u00e4rldens or\u00e4ttvisor, bojkotta den totalt genom att f\u00f6r\u00e4ndra mig sj\u00e4lv till en fri person. Jag t\u00e4nkte att om stress, tv, jobb,\u00a0kaffe och [&hellip;]<\/p>\n","protected":false},"author":6,"featured_media":0,"comment_status":"open","ping_status":"closed","sticky":false,"template":"","format":"standard","meta":[],"categories":[87],"tags":[],"_links":{"self":[{"href":"http:\/\/kravallslojd.se\/wordpress\/index.php?rest_route=\/wp\/v2\/posts\/368"}],"collection":[{"href":"http:\/\/kravallslojd.se\/wordpress\/index.php?rest_route=\/wp\/v2\/posts"}],"about":[{"href":"http:\/\/kravallslojd.se\/wordpress\/index.php?rest_route=\/wp\/v2\/types\/post"}],"author":[{"embeddable":true,"href":"http:\/\/kravallslojd.se\/wordpress\/index.php?rest_route=\/wp\/v2\/users\/6"}],"replies":[{"embeddable":true,"href":"http:\/\/kravallslojd.se\/wordpress\/index.php?rest_route=%2Fwp%2Fv2%2Fcomments&post=368"}],"version-history":[{"count":0,"href":"http:\/\/kravallslojd.se\/wordpress\/index.php?rest_route=\/wp\/v2\/posts\/368\/revisions"}],"wp:attachment":[{"href":"http:\/\/kravallslojd.se\/wordpress\/index.php?rest_route=%2Fwp%2Fv2%2Fmedia&parent=368"}],"wp:term":[{"taxonomy":"category","embeddable":true,"href":"http:\/\/kravallslojd.se\/wordpress\/index.php?rest_route=%2Fwp%2Fv2%2Fcategories&post=368"},{"taxonomy":"post_tag","embeddable":true,"href":"http:\/\/kravallslojd.se\/wordpress\/index.php?rest_route=%2Fwp%2Fv2%2Ftags&post=368"}],"curies":[{"name":"wp","href":"https:\/\/api.w.org\/{rel}","templated":true}]}}