{"id":373,"date":"2007-10-06T00:55:54","date_gmt":"2007-10-05T22:55:54","guid":{"rendered":"http:\/\/kravallslojd.se\/bloggen\/?p=336"},"modified":"2007-10-06T00:55:54","modified_gmt":"2007-10-05T22:55:54","slug":"dark-ride","status":"publish","type":"post","link":"http:\/\/kravallslojd.se\/wordpress\/?p=373","title":{"rendered":"Dark ride"},"content":{"rendered":"<p>Var \u00e5 kikade p\u00e5 ett l\u00e4rarvick ig\u00e5r, verka nice s\u00e5 n\u00e4sta vecka ska jag leka l\u00e4rare.Ops klockan g\u00e5r nu e de i f\u00f6rrg\u00e5r.<\/p>\n<p>Fett sp\u00e4nnande. Ska b\u00f6rja en teckningskurs p\u00e5 m\u00e5ndag f\u00f6r att f\u00f6rkovra mig till n\u00e4sta intag p\u00e5 attributmakarlinjen.tror det jobbet kan va grymt intressant.<\/p>\n<p>Har l\u00e5nat en kamera f\u00f6r \u00e5 f\u00e5 med lite bilder att fylla ut med :)<\/p>\n<p>Det var kanonv\u00e4der d\u00e5 jag kom hem s\u00e5 de va bara att ta p\u00e5 sig st\u00e4llet \u00e5 cruisa lite med b\u00e5gen, det \u00e4r nog i slutet av s\u00e4songen f\u00f6r ja fick fara hem \u00e5 p\u00e4lsa p\u00e5 mig m\u00e4ngda med kl\u00e4der. Tog med kameran f\u00f6r att fota ett fint st\u00e4lle jag varit p\u00e5. Det m\u00f6rknade dock v\u00e4ldans fort men jag provar \u00e4nd\u00e5 att l\u00e4gga in <a href=\"http:\/\/kravallslojd.se\/bloggen\/wp-content\/uploads\/2007\/10\/2.jpg\"  title=\"2.jpg\"><img decoding=\"async\" src=\"http:\/\/kravallslojd.se\/bloggen\/wp-content\/uploads\/2007\/10\/2.tumnagel.jpg\" alt=\"2.jpg\" align=\"right\" \/><\/a>ett par bilder <a href=\"http:\/\/kravallslojd.se\/bloggen\/wp-content\/uploads\/2007\/10\/1.jpg\"  title=\"Rundviks b\u00e5thamn\"><img decoding=\"async\" src=\"http:\/\/kravallslojd.se\/bloggen\/wp-content\/uploads\/2007\/10\/1.tumnagel.jpg\" alt=\"Rundviks b\u00e5thamn\" align=\"right\" \/><\/a><\/p>\n<p>de verkar funka hyffsat, senare idag blir det bilmek, t\u00e4nker fixa avgassystemet s\u00e5 jag inte blir d\u00f6vare ;-)  ska prova fota \u00e4ven det<\/p>\n<p>nepp nu e de dags att sussa<\/p>\n","protected":false},"excerpt":{"rendered":"<p>Var \u00e5 kikade p\u00e5 ett l\u00e4rarvick ig\u00e5r, verka nice s\u00e5 n\u00e4sta vecka ska jag leka l\u00e4rare.Ops klockan g\u00e5r nu e de i f\u00f6rrg\u00e5r. Fett sp\u00e4nnande. Ska b\u00f6rja en teckningskurs p\u00e5 m\u00e5ndag f\u00f6r att f\u00f6rkovra mig till n\u00e4sta intag p\u00e5 attributmakarlinjen.tror det jobbet kan va grymt intressant. Har l\u00e5nat en kamera f\u00f6r \u00e5 f\u00e5 med lite [&hellip;]<\/p>\n","protected":false},"author":35,"featured_media":0,"comment_status":"open","ping_status":"closed","sticky":false,"template":"","format":"standard","meta":[],"categories":[82],"tags":[],"_links":{"self":[{"href":"http:\/\/kravallslojd.se\/wordpress\/index.php?rest_route=\/wp\/v2\/posts\/373"}],"collection":[{"href":"http:\/\/kravallslojd.se\/wordpress\/index.php?rest_route=\/wp\/v2\/posts"}],"about":[{"href":"http:\/\/kravallslojd.se\/wordpress\/index.php?rest_route=\/wp\/v2\/types\/post"}],"author":[{"embeddable":true,"href":"http:\/\/kravallslojd.se\/wordpress\/index.php?rest_route=\/wp\/v2\/users\/35"}],"replies":[{"embeddable":true,"href":"http:\/\/kravallslojd.se\/wordpress\/index.php?rest_route=%2Fwp%2Fv2%2Fcomments&post=373"}],"version-history":[{"count":0,"href":"http:\/\/kravallslojd.se\/wordpress\/index.php?rest_route=\/wp\/v2\/posts\/373\/revisions"}],"wp:attachment":[{"href":"http:\/\/kravallslojd.se\/wordpress\/index.php?rest_route=%2Fwp%2Fv2%2Fmedia&parent=373"}],"wp:term":[{"taxonomy":"category","embeddable":true,"href":"http:\/\/kravallslojd.se\/wordpress\/index.php?rest_route=%2Fwp%2Fv2%2Fcategories&post=373"},{"taxonomy":"post_tag","embeddable":true,"href":"http:\/\/kravallslojd.se\/wordpress\/index.php?rest_route=%2Fwp%2Fv2%2Ftags&post=373"}],"curies":[{"name":"wp","href":"https:\/\/api.w.org\/{rel}","templated":true}]}}