{"id":394,"date":"2007-07-14T17:35:47","date_gmt":"2007-07-14T15:35:47","guid":{"rendered":"http:\/\/kravallslojd.se\/bloggen\/?p=172"},"modified":"2007-07-14T17:35:47","modified_gmt":"2007-07-14T15:35:47","slug":"172-6","status":"publish","type":"post","link":"http:\/\/kravallslojd.se\/wordpress\/?p=394","title":{"rendered":""},"content":{"rendered":"<p>Nu \u00e4r b\u00e4gge kurserna slut och alla kursister har \u00e5kt hem. Martin och jag \u00e4r kvar hos Hanne och Benny i Sor\u00f8. Vi ska snart f\u00e5 \u00e4nnu en superb middag. Sedan blir det att g\u00e5 tidigt till s\u00e4ngs. I morgon ska vi med b\u00e5ten som g\u00e5r fr\u00e5n K\u00f8ge \u2013 K\u00f8ge ligger s\u00f6der om K\u00f6penhamn, en timmes v\u00e4g fr\u00e5n Sor\u00f8 \u2013 f\u00f6r att n\u00e4stan sex timmar senare k\u00f6ra i land i R\u00f8nne p\u00e5 Bornholm. Och s\u00e5 blir det medeltidsliv i tv\u00e5 veckor.<\/p>\n<p>Det har varit intensiva dagar och vi har f\u00e5tt en god \u00f6vning i det danska spr\u00e5ket -och kursdeltagarna har f\u00e5tt sin del av det svenska spr\u00e5ket. Och f\u00f6rhoppningsvis lite om svensk v\u00e4vning. Men jag tror att det \u00e4r s\u00e5 att danska v\u00e4vare vet mer om vad som h\u00e4nder i Sverige  \u00e4n vi vet vad som h\u00e4nder i Danmark!<\/p>\n<p>Till v\u00e5r stora gl\u00e4dje s\u00e5 finns det planer p\u00e5 att vi ska g\u00f6ra en kurs \u00e4ven n\u00e4sta sommar, men  som en forts\u00e4ttningskurs.<\/p>\n<p>Om det \u00e4r s\u00e5 att vi inte kommer \u00e5t n\u00e5gon uppkoppling p\u00e5 Middelaldercentret s\u00e5 s\u00e4ger jag farv\u00e4l. Men kanske vi h\u00f6rs i morgonkv\u00e4ll. Och s\u00e5 hoppas vi p\u00e5 uppeh\u00e5llsv\u00e4der de n\u00e4rmaste veckorna, enligt prognosen ser det ganska bra ut f\u00f6r Bornholm<\/p>\n<p><a target=\"_blank\" href=\"http:\/\/www.bornholmsmiddelaldercenter.dk\/\" >H\u00e4r finns vi de f\u00f6ljande veckorna<\/a><br \/>\n<a target=\"_blank\" href=\"http:\/\/www.tv2bornholm.dk\/Webcam\/37we.htm\" >Och h\u00e4r kan man se lite fr\u00e5n centret.<\/a> Middelaldermarkeden b\u00f6rjar inte f\u00f6rr\u00e4n p\u00e5 m\u00e5ndag<\/p>\n","protected":false},"excerpt":{"rendered":"<p>Nu \u00e4r b\u00e4gge kurserna slut och alla kursister har \u00e5kt hem. Martin och jag \u00e4r kvar hos Hanne och Benny i Sor\u00f8. Vi ska snart f\u00e5 \u00e4nnu en superb middag. Sedan blir det att g\u00e5 tidigt till s\u00e4ngs. I morgon ska vi med b\u00e5ten som g\u00e5r fr\u00e5n K\u00f8ge \u2013 K\u00f8ge ligger s\u00f6der om K\u00f6penhamn, en [&hellip;]<\/p>\n","protected":false},"author":28,"featured_media":0,"comment_status":"open","ping_status":"closed","sticky":false,"template":"","format":"standard","meta":[],"categories":[93],"tags":[],"_links":{"self":[{"href":"http:\/\/kravallslojd.se\/wordpress\/index.php?rest_route=\/wp\/v2\/posts\/394"}],"collection":[{"href":"http:\/\/kravallslojd.se\/wordpress\/index.php?rest_route=\/wp\/v2\/posts"}],"about":[{"href":"http:\/\/kravallslojd.se\/wordpress\/index.php?rest_route=\/wp\/v2\/types\/post"}],"author":[{"embeddable":true,"href":"http:\/\/kravallslojd.se\/wordpress\/index.php?rest_route=\/wp\/v2\/users\/28"}],"replies":[{"embeddable":true,"href":"http:\/\/kravallslojd.se\/wordpress\/index.php?rest_route=%2Fwp%2Fv2%2Fcomments&post=394"}],"version-history":[{"count":0,"href":"http:\/\/kravallslojd.se\/wordpress\/index.php?rest_route=\/wp\/v2\/posts\/394\/revisions"}],"wp:attachment":[{"href":"http:\/\/kravallslojd.se\/wordpress\/index.php?rest_route=%2Fwp%2Fv2%2Fmedia&parent=394"}],"wp:term":[{"taxonomy":"category","embeddable":true,"href":"http:\/\/kravallslojd.se\/wordpress\/index.php?rest_route=%2Fwp%2Fv2%2Fcategories&post=394"},{"taxonomy":"post_tag","embeddable":true,"href":"http:\/\/kravallslojd.se\/wordpress\/index.php?rest_route=%2Fwp%2Fv2%2Ftags&post=394"}],"curies":[{"name":"wp","href":"https:\/\/api.w.org\/{rel}","templated":true}]}}