{"id":405,"date":"2007-10-18T22:19:26","date_gmt":"2007-10-18T20:19:26","guid":{"rendered":"http:\/\/kravallslojd.se\/bloggen\/?p=353"},"modified":"2007-10-18T22:19:26","modified_gmt":"2007-10-18T20:19:26","slug":"snuttefiltstillverkaren","status":"publish","type":"post","link":"http:\/\/kravallslojd.se\/wordpress\/?p=405","title":{"rendered":"Snuttefiltstillverkaren!"},"content":{"rendered":"<p>Jag \u00e4r en snuttefilts tillverkare!<\/p>\n<p>F\u00f6r er som har barn, f\u00f6rst\u00e5r ni kanske vikten av en gosigt doftande filt att g\u00f6mma sig i.<\/p>\n<p>Den beh\u00f6ver inte vara av n\u00e5got fint m\u00e4rke, kosta massor av kosing eller ha n\u00e5got speciellt m\u00f6nster. Och allra b\u00e4st \u00e4r den n\u00e4r sen n\u00e4stan springer sj\u00e4lv!<br \/>\nJag skall f\u00f6rklara!<\/p>\n<p>Det hela b\u00f6rjade f\u00f6r ca 1,5 \u00e5r sedan. Magarna formligen kryllade om en och snart skulle s\u00f6ta sm\u00e5 knyten komma fram ur sina g\u00f6mmor. ( Jag har ju sj\u00e4lv tv\u00e5, s\u00e5 jag vet ju hur goa de \u00e4r!)<\/p>\n<p>Givetvis behagar ungarna komma n\u00e4r budgeten \u00e4r som minst, och att springa till n\u00e5gon fl\u00e5dig barnkl\u00e4desbutik finns liksom inte p\u00e5 kartan! Pysslig som man \u00e4r fixar man ju detta lilla dilemma \u00e4nd\u00e5. Efter lite rotande bland alla tyg h\u00f6gar lyckas jag hitta ett stort stycke mjuk flanell. Perfekt! Sm\u00e5 lila och bl\u00e5 blommor p\u00e5 vit botten passar perfekt till tv\u00e5 sm\u00e5 t\u00f6ser. D\u00e5 uppst\u00e5r n\u00e4sta problem&#8230; det blev bara <strong>tre<\/strong> snuttefiltar!!! Inte kan man ge bort <strong>en<\/strong> snuttefilt. Den som g\u00f6r det borde f\u00e5 stryk! Det vet v\u00e4l varenda m\u00e4nniska att man inte kan tv\u00e4tta en snuttefilt utan att f\u00f6rst ha integrerat n\u00e4sta filt, s\u00e5 den \u00e5tminstone luktar lite gott.<br \/>\nHur skall jag nu g\u00f6ra? Hur jag \u00e4n letar hittar jag inte mer flanell. Det blev ju visst en<em> <\/em><em>liten<\/em> bit kvar, men den r\u00e4cker ju inte!<\/p>\n<p>T\u00e4nk, t\u00e4nk, t\u00e4nk. (som Nalle Puh sa!)<\/p>\n<p>D\u00e5 kom jag p\u00e5 det\u2026 \u201d<em>Man tager vad man haver<\/em>\u201d sa Kajsa Varg!<\/p>\n<p>Jag k\u00f6pte ju ett flanell nattlinne p\u00e5 Gek\u00e5s, f\u00f6r bara 14,95. Det tar vi.<br \/>\nFram med saxen, det r\u00e4ckte precis till tv\u00e5 fina filtar. En omg\u00e5ng med Overlock maskinen och allt \u00e4r klart!<br \/>\nDessa k\u00e4ra sm\u00e5 filtar h\u00e4nger med \u00f6verallt. Sandl\u00e5dan, matbordet, vagnen, fiket och gallerian.<\/p>\n<p>Allts\u00e5, jag tror att just gallerior \u00e4ter snuttefiltar. Precis som min frys \u00e4ter kanelbullar eller tv\u00e4ttmaskinen \u00e4ter h\u00f6gersockar!<br \/>\nV\u00e5r galleria i stan har k\u00e4kat minst tv\u00e5 av v\u00e5ra filtar och gallerian i kungsbacka skall vi bara inte prata om!<\/p>\n<p>I ren desperation ringer f\u00f6rtvivlade m\u00f6drar och ber om fler snuttefiltar. Allts\u00e5, jag g\u00f6r s\u00e5 gott jag kan, men jag har inga fler nattlinnen i flanell fr\u00e5n Gek\u00e5s. S\u00e5 d\u00e4rf\u00f6r inf\u00f6rskaffas lite nytt flanelltyg, denna g\u00e5ng med s\u00f6ta sm\u00e5 nyckelpigor p\u00e5.<\/p>\n<p>Den blicken som jag fick av min blott ett\u00e5riga systerdotter n\u00e4r hon fick se de nya filtarna med r\u00f6da nyckelpigor p\u00e5 var inte n\u00e5dig.<\/p>\n<p><em>\u201dMenar du att jag skall snutta p\u00e5 de h\u00e4r?????\u201d<\/em><\/p>\n<p>N\u00e4sta g\u00e5ng jag tr\u00e4ffade denna lilla dam hade jag med mig den d\u00e4r sista lilla biten flanell\u2026den var inte ens en fj\u00e4rdedel s\u00e5 stor som de f\u00f6rsta filtarna. Men den d\u00f6g!<\/p>\n<p>\u00a0<\/p>\n<p>Imorgon, fredag, skall vi snacka om spindlar!<\/p>\n<p>\u00a0<\/p>\n","protected":false},"excerpt":{"rendered":"<p>Jag \u00e4r en snuttefilts tillverkare! F\u00f6r er som har barn, f\u00f6rst\u00e5r ni kanske vikten av en gosigt doftande filt att g\u00f6mma sig i. Den beh\u00f6ver inte vara av n\u00e5got fint m\u00e4rke, kosta massor av kosing eller ha n\u00e5got speciellt m\u00f6nster. Och allra b\u00e4st \u00e4r den n\u00e4r sen n\u00e4stan springer sj\u00e4lv! Jag skall f\u00f6rklara! Det hela [&hellip;]<\/p>\n","protected":false},"author":37,"featured_media":0,"comment_status":"open","ping_status":"closed","sticky":false,"template":"","format":"standard","meta":[],"categories":[14],"tags":[],"_links":{"self":[{"href":"http:\/\/kravallslojd.se\/wordpress\/index.php?rest_route=\/wp\/v2\/posts\/405"}],"collection":[{"href":"http:\/\/kravallslojd.se\/wordpress\/index.php?rest_route=\/wp\/v2\/posts"}],"about":[{"href":"http:\/\/kravallslojd.se\/wordpress\/index.php?rest_route=\/wp\/v2\/types\/post"}],"author":[{"embeddable":true,"href":"http:\/\/kravallslojd.se\/wordpress\/index.php?rest_route=\/wp\/v2\/users\/37"}],"replies":[{"embeddable":true,"href":"http:\/\/kravallslojd.se\/wordpress\/index.php?rest_route=%2Fwp%2Fv2%2Fcomments&post=405"}],"version-history":[{"count":0,"href":"http:\/\/kravallslojd.se\/wordpress\/index.php?rest_route=\/wp\/v2\/posts\/405\/revisions"}],"wp:attachment":[{"href":"http:\/\/kravallslojd.se\/wordpress\/index.php?rest_route=%2Fwp%2Fv2%2Fmedia&parent=405"}],"wp:term":[{"taxonomy":"category","embeddable":true,"href":"http:\/\/kravallslojd.se\/wordpress\/index.php?rest_route=%2Fwp%2Fv2%2Fcategories&post=405"},{"taxonomy":"post_tag","embeddable":true,"href":"http:\/\/kravallslojd.se\/wordpress\/index.php?rest_route=%2Fwp%2Fv2%2Ftags&post=405"}],"curies":[{"name":"wp","href":"https:\/\/api.w.org\/{rel}","templated":true}]}}