{"id":407,"date":"2007-10-21T22:28:23","date_gmt":"2007-10-21T20:28:23","guid":{"rendered":"http:\/\/kravallslojd.se\/bloggen\/?p=359"},"modified":"2007-10-21T22:28:23","modified_gmt":"2007-10-21T20:28:23","slug":"hejda-2","status":"publish","type":"post","link":"http:\/\/kravallslojd.se\/wordpress\/?p=407","title":{"rendered":"Hejd\u00e5"},"content":{"rendered":"<p>S\u00e5, nu var det dags att ta farv\u00e4l. Jag kanske \u00e5terkommer med en rapportering om min dotters stickande. <\/p>\n<p>Mina benv\u00e4rmare i raggstocksgarn \u00e4r i det n\u00e4rmsta klara och nya projekt v\u00e4ntar. Jag har f\u00e5tt ett \u00f6nskem\u00e5l av min syster som min systerdotter kommer att hata mig f\u00f6r. Ett par raggsockor i ullgarn! <em>De sticker, de kliar men de v\u00e4rmer!<\/em> <\/p>\n<p>Vi har en lite skola i v\u00e5r by som firar 100 \u00e5r 2009. I \u00e5r g\u00e5r det 33 elever p\u00e5 skolan, F-1 och 2-3. Varje \u00e5r, i samband med f\u00f6rsta advent, anordnar bygdens hembygdsf\u00f6rening en po\u00e4ngpromenad med diverse stopp i byn. Skolans elever brukar pyssla till detta tillf\u00e4lle och sedan s\u00e4lja kreationerna som en basar. Som f\u00f6r\u00e4lder g\u00e5r det \u00e4ven bra om man vill bidra med n\u00e5got (alla inkomster hamnar i skolkassan f\u00f6r att finansiera olika skolresor och materiella ink\u00f6p) och givetvis brukar jag kn\u00e5pa ihop n\u00e5got. F\u00f6rra \u00e5ret blev det tv\u00e5 halsdukar i ett lite lurvigt\/tovigt garn. Helt hoppl\u00f6st att sticka med! Det s\u00e5g ju ut att bli h\u00e5l hela tiden. I \u00e5r har jag hittat ett m\u00f6nster p\u00e5 virkade innetofflor, vi f\u00e5r v\u00e4l se hur det blir.(Det var ju lite kul att se \u201dsin\u201d halsduk p\u00e5 en av tjejerna i skolan, f\u00f6r att inte tala om hur stolt min dotter var.)<\/p>\n<p>Det \u00e4r ju snart november lov och jag t\u00e4nkte att jag och barnen skulle pyssla lite julklappar\u2026jag fick n\u00e4mligen en id\u00e9. Jag t\u00e4nkte vi skulle tova sm\u00e5 r\u00f6da hj\u00e4rtan av f\u00e4rgad ull, det blir ju lite extra roligt n\u00e4r man f\u00e5r lov att \u201dkleta\u201d och forma men h\u00e4nderna. Det kan ju bli riktigt fina sm\u00e5 mjuka julgrans dekorationer.<\/p>\n<p>Jag vet inte riktigt hur jag skall \u201dknyta ihop\u201d den h\u00e4r s\u00e4cken av inl\u00e4gg. Om man l\u00e4ser p\u00e5 kravallsl\u00f6jds hemsida, \u201d Hitta r\u00e4tt i sl\u00f6jddjungeln. En guide till sj\u00e4lvk\u00e4nnedom\u201d kan jag k\u00e4nna mig n\u00e5got splittrad. Visst kan jag se att jag tillh\u00f6r Smygsl\u00f6jdaren, kanske mest f\u00f6r att jag nog helst sitter i <strong>min <\/strong>soffa och stickar. Behovssl\u00f6jdare \u00e4r jag ju ocks\u00e5, sj\u00e4lv \u00e4r ju som sagt b\u00e4ste dr\u00e4ng. Tradsl\u00f6jdare \u00e4r jag ju definitivt, d\u00e5 jag anser att v\u00e5r gamla inhemska kultur inte f\u00e5r f\u00f6rsvinna. Jag \u00e4r v\u00e4ldigt stolt att jag \u00e4ntligen kan kl\u00e4mma mig in i min sv\u00e4rmors folkdr\u00e4kt (nordhallands) och k\u00e4nna mig b\u00e5de bekv\u00e4m och snygg. F\u00f6r att inte s\u00e4ja stolt!<\/p>\n<p>Jag tackar nu f\u00f6r mig och hoppas att min vecka som bloggare har ber\u00f6rt n\u00e5gon.<\/p>\n<p>Mitt ord p\u00e5 v\u00e4gen till alla er sl\u00f6jdare, vem ni \u00e4n \u00e4r, blir d\u00e5\u2026<\/p>\n<p>\u00a0<\/p>\n<p><strong>Fram f\u00f6r mer vardags sl\u00f6jdande!<\/strong><\/p>\n","protected":false},"excerpt":{"rendered":"<p>S\u00e5, nu var det dags att ta farv\u00e4l. Jag kanske \u00e5terkommer med en rapportering om min dotters stickande. Mina benv\u00e4rmare i raggstocksgarn \u00e4r i det n\u00e4rmsta klara och nya projekt v\u00e4ntar. Jag har f\u00e5tt ett \u00f6nskem\u00e5l av min syster som min systerdotter kommer att hata mig f\u00f6r. Ett par raggsockor i ullgarn! De sticker, de [&hellip;]<\/p>\n","protected":false},"author":37,"featured_media":0,"comment_status":"open","ping_status":"closed","sticky":false,"template":"","format":"standard","meta":[],"categories":[14],"tags":[],"_links":{"self":[{"href":"http:\/\/kravallslojd.se\/wordpress\/index.php?rest_route=\/wp\/v2\/posts\/407"}],"collection":[{"href":"http:\/\/kravallslojd.se\/wordpress\/index.php?rest_route=\/wp\/v2\/posts"}],"about":[{"href":"http:\/\/kravallslojd.se\/wordpress\/index.php?rest_route=\/wp\/v2\/types\/post"}],"author":[{"embeddable":true,"href":"http:\/\/kravallslojd.se\/wordpress\/index.php?rest_route=\/wp\/v2\/users\/37"}],"replies":[{"embeddable":true,"href":"http:\/\/kravallslojd.se\/wordpress\/index.php?rest_route=%2Fwp%2Fv2%2Fcomments&post=407"}],"version-history":[{"count":0,"href":"http:\/\/kravallslojd.se\/wordpress\/index.php?rest_route=\/wp\/v2\/posts\/407\/revisions"}],"wp:attachment":[{"href":"http:\/\/kravallslojd.se\/wordpress\/index.php?rest_route=%2Fwp%2Fv2%2Fmedia&parent=407"}],"wp:term":[{"taxonomy":"category","embeddable":true,"href":"http:\/\/kravallslojd.se\/wordpress\/index.php?rest_route=%2Fwp%2Fv2%2Fcategories&post=407"},{"taxonomy":"post_tag","embeddable":true,"href":"http:\/\/kravallslojd.se\/wordpress\/index.php?rest_route=%2Fwp%2Fv2%2Ftags&post=407"}],"curies":[{"name":"wp","href":"https:\/\/api.w.org\/{rel}","templated":true}]}}