{"id":414,"date":"2007-10-28T20:40:49","date_gmt":"2007-10-28T18:40:49","guid":{"rendered":"http:\/\/kravallslojd.se\/bloggen\/?p=384"},"modified":"2007-10-28T20:40:49","modified_gmt":"2007-10-28T18:40:49","slug":"tack-for-mig","status":"publish","type":"post","link":"http:\/\/kravallslojd.se\/wordpress\/?p=414","title":{"rendered":"Tack f\u00f6r mig!"},"content":{"rendered":"<p>Jag har funderat hela dagen p\u00e5 hur jag ska f\u00f6rs\u00f6ka knyta ihop mina inl\u00e4gg och skriva ett sista. Ibland \u00e4r det sv\u00e5rt att hitta r\u00e4tt sp\u00e5r in i en text, jag tror jag \u00e4r i ett s\u00e5dant l\u00e4ge idag. S\u00e5 jag t\u00e4nker inte ge mig in i att knyta n\u00e5got\u2026\u00a0<\/p>\n<p>Dagen har hur som helst spenderats ute i skogen hos mor och far. Jag vet inte om jag skrivit om mitt st\u00f6rsta dilemma, avsaknaden av en egen snickarboa\u2026 Nackdelen med att bo i l\u00e4genhet i stan \u00e4r ju att en verkstad \u00e4r sv\u00e5rt att ha. Om man d\u00e5 inte hyr in sig i n\u00e5gon lokal eller liknande, vilket i dagsl\u00e4get inte \u00e4r ett alternativ. D\u00e4remot har mina f\u00f6r\u00e4ldrar ett antal byggnader ut\u00f6ver sitt hus s\u00e5 jag har spridit ut mina prylar hos dem. Jag har min sl\u00f6jdb\u00e4nk p\u00e5 ett st\u00e4lla, mitt materialf\u00f6rr\u00e5d p\u00e5 ett annat och p\u00e5 ett tredje st\u00e4lla h\u00e5ller jag till f\u00f6r ytbehandling. Det funkar, men jag kan v\u00e4l s\u00e4ga som s\u00e5 att min far som \u00e4r en sann perfektionist vad g\u00e4ller st\u00e4dning har det jobbigt med att jag st\u00f6kar till det och sprider ut mina saker \u00f6verallt. F\u00f6rdelen \u00e4r att jag s\u00e4llan beh\u00f6ver st\u00e4da upp hyvelsp\u00e5n och annat, han hinner ofta vara d\u00e4r och st\u00e4da upp det n\u00e4r jag tagit rast av n\u00e5gon anledning.\u00a0<\/p>\n<p>Min systerson 3 \u00e5r gammal var ocks\u00e5 hos mor och far. Vi har spenderat dagen med att leka med pappas gamla <em>Dinky toys<\/em>, en liten palltruck och en lyftkran. Vi har vevat upp och ner, hissat upp saker och k\u00f6rt runt. Mellan varven har han pratat om t\u00e5g, lillkillen verkligen \u00e4lskar t\u00e5g. Vi har en sl\u00e4kting som \u00e4r en sann t\u00e5gentusiast med k\u00e4llaren full av dem. Vi bes\u00f6kte dem f\u00f6r ett kalas f\u00f6rra helgen, man kan v\u00e4l s\u00e4ga som s\u00e5 att systersonen var i himlen. Han gjorde inget annat \u00e4n titta p\u00e5 dem och leka med de t\u00e5g han fick l\u00e5na. S\u00e5 mellan varven i v\u00e5r lek idag har en kudde utgjort stambanan\u2026 Jag antar han h\u00f6rde uttrycket stambana f\u00f6rra helgen om det inte \u00e4r s\u00e5 att <em>Thomast\u00e5get<\/em> har en stambana. Hur som helst kommer det de mest fantastiska tankar ur den lilla killen. Trots sin l\u00e5ga \u00e5lder blir jag helt matt m\u00e5nga g\u00e5nger och m\u00e5ste stanna upp och t\u00e4nka \u00f6ver saker han s\u00e4ger. N\u00e4r jag \u00e4r kvar i tanken har han redan tagit sig vidare och in i leken igen.\u00a0<\/p>\n<p>Under dagen kom jag att t\u00e4nka p\u00e5 en liten lapp jag rev ut ur en tidning f\u00f6r l\u00e4nge sedan och satte upp p\u00e5 min anslagstavla. Det var Alvar Aalto som hade sagt f\u00f6ljande:\u00a0<\/p>\n<p align=\"center\"><em>\u201dJag vill bara be er \u2013 gl\u00f6m aldrig bort att leka.\u201d<\/em><\/p>\n<p>\u00a0Med de orden och den stora inneb\u00f6rden av dem v\u00e4ljer jag att avsluta mitt sista inl\u00e4gg. Det har varit ett sant n\u00f6je!<\/p>\n","protected":false},"excerpt":{"rendered":"<p>Jag har funderat hela dagen p\u00e5 hur jag ska f\u00f6rs\u00f6ka knyta ihop mina inl\u00e4gg och skriva ett sista. Ibland \u00e4r det sv\u00e5rt att hitta r\u00e4tt sp\u00e5r in i en text, jag tror jag \u00e4r i ett s\u00e5dant l\u00e4ge idag. S\u00e5 jag t\u00e4nker inte ge mig in i att knyta n\u00e5got\u2026\u00a0 Dagen har hur som helst [&hellip;]<\/p>\n","protected":false},"author":38,"featured_media":0,"comment_status":"open","ping_status":"closed","sticky":false,"template":"","format":"standard","meta":[],"categories":[66],"tags":[],"_links":{"self":[{"href":"http:\/\/kravallslojd.se\/wordpress\/index.php?rest_route=\/wp\/v2\/posts\/414"}],"collection":[{"href":"http:\/\/kravallslojd.se\/wordpress\/index.php?rest_route=\/wp\/v2\/posts"}],"about":[{"href":"http:\/\/kravallslojd.se\/wordpress\/index.php?rest_route=\/wp\/v2\/types\/post"}],"author":[{"embeddable":true,"href":"http:\/\/kravallslojd.se\/wordpress\/index.php?rest_route=\/wp\/v2\/users\/38"}],"replies":[{"embeddable":true,"href":"http:\/\/kravallslojd.se\/wordpress\/index.php?rest_route=%2Fwp%2Fv2%2Fcomments&post=414"}],"version-history":[{"count":0,"href":"http:\/\/kravallslojd.se\/wordpress\/index.php?rest_route=\/wp\/v2\/posts\/414\/revisions"}],"wp:attachment":[{"href":"http:\/\/kravallslojd.se\/wordpress\/index.php?rest_route=%2Fwp%2Fv2%2Fmedia&parent=414"}],"wp:term":[{"taxonomy":"category","embeddable":true,"href":"http:\/\/kravallslojd.se\/wordpress\/index.php?rest_route=%2Fwp%2Fv2%2Fcategories&post=414"},{"taxonomy":"post_tag","embeddable":true,"href":"http:\/\/kravallslojd.se\/wordpress\/index.php?rest_route=%2Fwp%2Fv2%2Ftags&post=414"}],"curies":[{"name":"wp","href":"https:\/\/api.w.org\/{rel}","templated":true}]}}