{"id":417,"date":"2007-11-01T18:48:08","date_gmt":"2007-11-01T16:48:08","guid":{"rendered":"http:\/\/kravallslojd.se\/bloggen\/?p=392"},"modified":"2007-11-01T18:48:08","modified_gmt":"2007-11-01T16:48:08","slug":"anundsjosom","status":"publish","type":"post","link":"http:\/\/kravallslojd.se\/wordpress\/?p=417","title":{"rendered":"Anundsj\u00f6s\u00f6m"},"content":{"rendered":"<p><font face=\"Arial\"><font face=\"Arial\"><font size=\"2\" face=\"Arial\">Ni vet det d\u00e4r man v\u00e4xte upp med,<\/font><\/font><\/font><font face=\"Arial\"><font face=\"Arial\"><font size=\"2\" face=\"Arial\">hur tr\u00e5kigt och l\u00e5ngt borta det kan k\u00e4nnas ibland. Inte det man vill g\u00f6ra, man vill ut och bort&#8230; <\/font><font size=\"2\" face=\"Arial\">Anundsj\u00f6s\u00f6m \u00e4r en s\u00e5dan grej f\u00f6r mig. Jag ville inte. Det var mossigt.<\/font><\/p>\n<p><font size=\"2\" face=\"Arial\">Det var n\u00e5got man var tvungen att g\u00f6ra p\u00e5 sl\u00f6jden, alla var tvugna att brodera, det ingick i studieplanen, Jag gjorde en lavendelp\u00e5se. Ett s\u00e5 litet projekt som m\u00f6jligt.<\/font><\/p>\n<p><font size=\"2\" face=\"Arial\">Idag var jag p\u00e5 bibblan och k\u00e4nde f\u00f6r lite inspiration.<\/font><\/p>\n<p><font size=\"2\" face=\"Arial\">L\u00e5nade tv\u00e5 gamla nummer av Hemsl\u00f6jden, jag bara tog tv\u00e5, vilka som helst.<\/font><\/p>\n<p><font size=\"2\" face=\"Arial\">Har just suttit och bl\u00e4ddrat i dem. I\u00a0den f\u00f6rsta tidningen\u00a0 finns ett reportage om Britta-Kajsa Karlsdotter &#8211; kvinnan bakom Anundsj\u00f6s\u00f6mmen. VIlken kvinna, vilka stygn. Platts\u00f6m &#8211; det \u00e4r ju det jag g\u00f6r hela tiden. Enkelt, rent. Anundsj\u00f6s\u00f6m, jaha. Den \u00e4r ju fantastiskt vacker, sirlig\u00a0&#8211; jag omv\u00e4rderar!<\/font><\/p>\n<p><font size=\"2\" face=\"Arial\">Kanske m\u00e5ste jag prova p\u00e5 lite&#8230;.<\/font><\/p>\n<p><font size=\"2\" face=\"Arial\">L\u00e4s Hemsl\u00f6jden nr.06\/1om ni \u00e4r nyfikna eller titta p\u00e5<\/font><\/p>\n<p><font size=\"2\"><a href=\"http:\/\/www.hemslojden.org\/index.2506.html?Poe_Session=e03f60bc1076be15069192f7478a21a\" target=\"_blank\" >L\u00e4nk<\/a><\/font><\/p>\n<p><\/font><\/font><\/p>\n","protected":false},"excerpt":{"rendered":"<p>Ni vet det d\u00e4r man v\u00e4xte upp med,hur tr\u00e5kigt och l\u00e5ngt borta det kan k\u00e4nnas ibland. Inte det man vill g\u00f6ra, man vill ut och bort&#8230; Anundsj\u00f6s\u00f6m \u00e4r en s\u00e5dan grej f\u00f6r mig. Jag ville inte. Det var mossigt. Det var n\u00e5got man var tvungen att g\u00f6ra p\u00e5 sl\u00f6jden, alla var tvugna att brodera, det [&hellip;]<\/p>\n","protected":false},"author":39,"featured_media":0,"comment_status":"open","ping_status":"closed","sticky":false,"template":"","format":"standard","meta":[],"categories":[62],"tags":[],"_links":{"self":[{"href":"http:\/\/kravallslojd.se\/wordpress\/index.php?rest_route=\/wp\/v2\/posts\/417"}],"collection":[{"href":"http:\/\/kravallslojd.se\/wordpress\/index.php?rest_route=\/wp\/v2\/posts"}],"about":[{"href":"http:\/\/kravallslojd.se\/wordpress\/index.php?rest_route=\/wp\/v2\/types\/post"}],"author":[{"embeddable":true,"href":"http:\/\/kravallslojd.se\/wordpress\/index.php?rest_route=\/wp\/v2\/users\/39"}],"replies":[{"embeddable":true,"href":"http:\/\/kravallslojd.se\/wordpress\/index.php?rest_route=%2Fwp%2Fv2%2Fcomments&post=417"}],"version-history":[{"count":0,"href":"http:\/\/kravallslojd.se\/wordpress\/index.php?rest_route=\/wp\/v2\/posts\/417\/revisions"}],"wp:attachment":[{"href":"http:\/\/kravallslojd.se\/wordpress\/index.php?rest_route=%2Fwp%2Fv2%2Fmedia&parent=417"}],"wp:term":[{"taxonomy":"category","embeddable":true,"href":"http:\/\/kravallslojd.se\/wordpress\/index.php?rest_route=%2Fwp%2Fv2%2Fcategories&post=417"},{"taxonomy":"post_tag","embeddable":true,"href":"http:\/\/kravallslojd.se\/wordpress\/index.php?rest_route=%2Fwp%2Fv2%2Ftags&post=417"}],"curies":[{"name":"wp","href":"https:\/\/api.w.org\/{rel}","templated":true}]}}