{"id":420,"date":"2007-11-06T22:49:49","date_gmt":"2007-11-06T20:49:49","guid":{"rendered":"http:\/\/kravallslojd.se\/bloggen\/?p=397"},"modified":"2007-11-06T22:49:49","modified_gmt":"2007-11-06T20:49:49","slug":"kollektiv","status":"publish","type":"post","link":"http:\/\/kravallslojd.se\/wordpress\/?p=420","title":{"rendered":"Kollektiv"},"content":{"rendered":"<p>Kollektiv<br \/>\nIdag \u00e4r jag riktigt tr\u00f6tt, \u00f6gonen vill s\u00e5 g\u00e4rna sova men inte jag\u2026. Satt h\u00e4r vid arbetsbordet och sydde veck och l\u00e4ngtade efter att starta n\u00e4sta samarbete\u2026<br \/>\nJag har bott i kollektiv och gillar det men det jag t\u00e4nker p\u00e5 \u00e4r att jobba kollektivt. Att tillsammans och p\u00e5 lika villkor med gemensamt ansvar arbeta mot samma m\u00e5l. En milj\u00f6 d\u00e4r man med respekt f\u00f6r varandra p\u00e5verkar varandras uttryck.<br \/>\nJag har gjort flera projekt i den formen, dansfilm, installation och performance.<br \/>\nDet har varit otroligt givande att sl\u00e4ppa in andra s\u00e5 n\u00e4ra inp\u00e5 mitt eget skapande och bygga n\u00e5got tillsammans. Det ger s\u00e5 mycket mer, jag \u00e4r nog ingen ensamvarg direkt\u2026.<br \/>\nDet \u00e4r ofta lite l\u00e4skigt och sv\u00e4vande i perioder och v\u00e4ldigt kr\u00e4vande men ocks\u00e5 skitkul! Vi triggar och inspirerar varandra. Det sv\u00e5raste \u00e4r att beh\u00e5lla balansen. Att alla g\u00f6r sin del.<br \/>\nDet senaste projektet var \u201dM\u00f6te\u201d. En 15 minuter l\u00e5ng performance med dans, musik och textil. Det b\u00f6rjade med en bild och en text om och m\u00e4nniskors m\u00f6ten. Jag visade dessa f\u00f6r koreograf, dansare och musiker och fick tre j\u00e4ttebra personer att samarbeta med. Alla hade sina egna tankar om hur vi kunde skapa \u201dm\u00f6te\u201d. Sakta men s\u00e4kert v\u00e4xte den fram\u2026Jag hade aldrig kunnat g\u00f6ra den helheten ensam och alla bidrog verkligen med bra id\u00e9er och mycket energi. Vi jobbade h\u00e4cken av oss en period och det blev en performance p\u00e5 Galleri Niv\u00e5 125 i B\u00e5stad i somras. N\u00e5sta projekt \u00e4r dansbroderier p\u00e5 Formargruppen i Malm\u00f6 mars-april 2008, tillsammans med koreograf Pavel Kassius. \u00c4r tv\u00e5 ett kollektiv?<br \/>\nGodnatt!<\/p>\n<p><a href=\"http:\/\/kravallslojd.se\/bloggen\/wp-content\/uploads\/2007\/11\/mtotevykort.jpg\"  title=\"M\u00f6te\"><img decoding=\"async\" src=\"http:\/\/kravallslojd.se\/bloggen\/wp-content\/uploads\/2007\/11\/motevykort.jpg\" alt=\"M\u00f6te\" title=\"M\u00f6te\" \/><\/a><\/p>\n","protected":false},"excerpt":{"rendered":"<p>Kollektiv Idag \u00e4r jag riktigt tr\u00f6tt, \u00f6gonen vill s\u00e5 g\u00e4rna sova men inte jag\u2026. Satt h\u00e4r vid arbetsbordet och sydde veck och l\u00e4ngtade efter att starta n\u00e4sta samarbete\u2026 Jag har bott i kollektiv och gillar det men det jag t\u00e4nker p\u00e5 \u00e4r att jobba kollektivt. Att tillsammans och p\u00e5 lika villkor med gemensamt ansvar arbeta [&hellip;]<\/p>\n","protected":false},"author":40,"featured_media":0,"comment_status":"open","ping_status":"closed","sticky":false,"template":"","format":"standard","meta":[],"categories":[56],"tags":[],"_links":{"self":[{"href":"http:\/\/kravallslojd.se\/wordpress\/index.php?rest_route=\/wp\/v2\/posts\/420"}],"collection":[{"href":"http:\/\/kravallslojd.se\/wordpress\/index.php?rest_route=\/wp\/v2\/posts"}],"about":[{"href":"http:\/\/kravallslojd.se\/wordpress\/index.php?rest_route=\/wp\/v2\/types\/post"}],"author":[{"embeddable":true,"href":"http:\/\/kravallslojd.se\/wordpress\/index.php?rest_route=\/wp\/v2\/users\/40"}],"replies":[{"embeddable":true,"href":"http:\/\/kravallslojd.se\/wordpress\/index.php?rest_route=%2Fwp%2Fv2%2Fcomments&post=420"}],"version-history":[{"count":0,"href":"http:\/\/kravallslojd.se\/wordpress\/index.php?rest_route=\/wp\/v2\/posts\/420\/revisions"}],"wp:attachment":[{"href":"http:\/\/kravallslojd.se\/wordpress\/index.php?rest_route=%2Fwp%2Fv2%2Fmedia&parent=420"}],"wp:term":[{"taxonomy":"category","embeddable":true,"href":"http:\/\/kravallslojd.se\/wordpress\/index.php?rest_route=%2Fwp%2Fv2%2Fcategories&post=420"},{"taxonomy":"post_tag","embeddable":true,"href":"http:\/\/kravallslojd.se\/wordpress\/index.php?rest_route=%2Fwp%2Fv2%2Ftags&post=420"}],"curies":[{"name":"wp","href":"https:\/\/api.w.org\/{rel}","templated":true}]}}