{"id":421,"date":"2007-11-08T20:40:03","date_gmt":"2007-11-08T18:40:03","guid":{"rendered":"http:\/\/kravallslojd.se\/bloggen\/?p=399"},"modified":"2007-11-08T20:40:03","modified_gmt":"2007-11-08T18:40:03","slug":"idag","status":"publish","type":"post","link":"http:\/\/kravallslojd.se\/wordpress\/?p=421","title":{"rendered":"idag.."},"content":{"rendered":"<p>Hej! Idag bir det bara om min dag idag. Inget tema\u2026 Har funderat en del runt hantverk \u00e4nd\u00e5, sv\u00e5rt att l\u00e5ta bli.. Det b\u00f6rjade med en vacker soluppg\u00e5ng p\u00e5 v\u00e4g till jobbet. Sedan v\u00e4va och snickesnacka med de andra v\u00e4verskorna. Planera det nya dynorna till k\u00f6ket och fika kaffe\u2026  P\u00e5 eftermiddagen var jag hos frissan. N\u00e4r jag satt d\u00e4r t\u00e4nkte jag p\u00e5 deras hantverk. Dessa starka armar och h\u00e4nder, snabba, s\u00e4kra r\u00f6relser med en hel del erfarenhet av att skapa frisyrer. Det p\u00e5minde en del om  att iakta en v\u00e4verska eller en dansare. Undrar om fris\u00f6rer \u00e4r bra dansare? De har oftast bra h\u00e5llning och snygga ben\u2026<br \/>\nJag blir alltid lite nerv\u00f6s av att g\u00e5 till fris\u00f6ren. Man ser alltid s\u00e5 gl\u00e5mig och tr\u00e5kig ut d\u00e4r. Och s\u00e5 kommer de d\u00e4r blickarna som ber mig att sluta klippa luggen sj\u00e4lv, och borde jag inte be om hj\u00e4lp n\u00e4r jag f\u00e4rgar h\u00e5ret\u2026\u2026..<br \/>\nDen h\u00e4r g\u00e5ngen bad jag bara om en anst\u00e4ndig frisyr, utan bortf\u00f6rklaringar. Har g\u00e5tt i f\u00f6r l\u00e5ng hemmaklippt lugg och fl\u00e4ta alldeles f\u00f6r l\u00e4nge, och med ca 20cm utv\u00e4xt. Ser inte mitt b\u00e4sta ut. Men, hon klarade biffen, utan att f\u00f6rebr\u00e5 mig om sned lugg och oj\u00e4mn f\u00e4rgning!  H\u00e4r sitter jag nu med en lagom l\u00e5ng lugg, h\u00e5r till axlarna lite fint uppklippt. Det v\u00e4rsta av utv\u00e4xten \u00e4r borta och ja, jag blev heln\u00f6jd \u00f6ver hennes hantverk.<br \/>\nMin telefon har ringt konstant hela dan, jag har en annons ute om en ledig plats i min atelje och f\u00f6rhoppningsvis blir det n\u00e5gon bra p\u00e5litlig person som kan flytta in snart. Det b\u00e4sta samtalet idag g\u00e4llde d\u00e4remot n\u00e5got helt annat. Jag fick veta att jag  ska vara med p\u00e5 M\u00f6belm\u00e4ssan i februari tillsammans med KHVC . Det var jag f\u00f6rra \u00e5ret ocks\u00e5, j\u00e4ttekul. De ordnar allt det praktiska och s\u00e5 glider man bara dit med sina prylar som man jobbat p\u00e5 senaste \u00e5ret och s\u00e5 tr\u00e4ffar man j\u00e4ttemycket folk och pratar pratar pratar. Och f\u00f6rhoppningsvis s\u00e5 tar man best\u00e4llningar eller hittar en bra producent. Bra producent blev det f\u00f6rra \u00e5ret, vi f\u00e5r v\u00e4l se vad det blir i \u00e5r.<br \/>\nV\u00e4l hemma hade jag en del mail och bilder att ta hand om, f\u00f6rhoppningsvis hinner jag l\u00e4sa nya numret av konstn\u00e4ren och sy ett veck eller tv\u00e5 ocks\u00e5 innan jag somnar.  Hoppas ni m\u00e5r bra, och at ni g\u00f6r massa h\u00e4rliga hantverksgrejer som jag kan f\u00e5 l\u00e4sa om sen..<br \/>\nSes! \/ Nea<\/p>\n","protected":false},"excerpt":{"rendered":"<p>Hej! Idag bir det bara om min dag idag. Inget tema\u2026 Har funderat en del runt hantverk \u00e4nd\u00e5, sv\u00e5rt att l\u00e5ta bli.. Det b\u00f6rjade med en vacker soluppg\u00e5ng p\u00e5 v\u00e4g till jobbet. Sedan v\u00e4va och snickesnacka med de andra v\u00e4verskorna. Planera det nya dynorna till k\u00f6ket och fika kaffe\u2026 P\u00e5 eftermiddagen var jag hos frissan. [&hellip;]<\/p>\n","protected":false},"author":40,"featured_media":0,"comment_status":"open","ping_status":"closed","sticky":false,"template":"","format":"standard","meta":[],"categories":[56],"tags":[],"_links":{"self":[{"href":"http:\/\/kravallslojd.se\/wordpress\/index.php?rest_route=\/wp\/v2\/posts\/421"}],"collection":[{"href":"http:\/\/kravallslojd.se\/wordpress\/index.php?rest_route=\/wp\/v2\/posts"}],"about":[{"href":"http:\/\/kravallslojd.se\/wordpress\/index.php?rest_route=\/wp\/v2\/types\/post"}],"author":[{"embeddable":true,"href":"http:\/\/kravallslojd.se\/wordpress\/index.php?rest_route=\/wp\/v2\/users\/40"}],"replies":[{"embeddable":true,"href":"http:\/\/kravallslojd.se\/wordpress\/index.php?rest_route=%2Fwp%2Fv2%2Fcomments&post=421"}],"version-history":[{"count":0,"href":"http:\/\/kravallslojd.se\/wordpress\/index.php?rest_route=\/wp\/v2\/posts\/421\/revisions"}],"wp:attachment":[{"href":"http:\/\/kravallslojd.se\/wordpress\/index.php?rest_route=%2Fwp%2Fv2%2Fmedia&parent=421"}],"wp:term":[{"taxonomy":"category","embeddable":true,"href":"http:\/\/kravallslojd.se\/wordpress\/index.php?rest_route=%2Fwp%2Fv2%2Fcategories&post=421"},{"taxonomy":"post_tag","embeddable":true,"href":"http:\/\/kravallslojd.se\/wordpress\/index.php?rest_route=%2Fwp%2Fv2%2Ftags&post=421"}],"curies":[{"name":"wp","href":"https:\/\/api.w.org\/{rel}","templated":true}]}}