{"id":45,"date":"2007-05-03T17:04:51","date_gmt":"2007-05-03T15:04:51","guid":{"rendered":"http:\/\/kravallslojd.se\/bloggen\/?p=38"},"modified":"2007-05-03T17:04:51","modified_gmt":"2007-05-03T15:04:51","slug":"dagen-efter","status":"publish","type":"post","link":"http:\/\/kravallslojd.se\/wordpress\/?p=45","title":{"rendered":"dagen efter"},"content":{"rendered":"<p>S\u00e5 sitter man d\u00e5 h\u00e4r dagen efter vernissagen. Hela dagen har varit lite lagom seg, antar att det utan att man m\u00e4rkte det kr\u00e4vdes en kraftanstr\u00e4ngning ig\u00e5r med allt som skulle g\u00f6ras. G\u00e5rdagen b\u00f6rjade med att vi m\u00f6ttes upp p\u00e5 Langska huset ( f\u00f6r alla icke-gotl\u00e4nningar kan jag f\u00f6rklara att Langska huset \u00e4r hemsl\u00f6jdens hus i Visby) d\u00e4r utst\u00e4llningen \u00e4r. F\u00f6rst var det s\u00e5klart fika, med Folkans medskickade kaffe och bullar. Vi pratade lite om hur vi ville bygga upp utst\u00e4llningen, vilket jag och fr\u00f6ken Svensson b\u00e5da k\u00e4nt kanske borde ha pratats om lite tidigare. Vi b\u00e4vade f\u00f6r alla dessa olika viljor som skulle kunna komma att kollidera n\u00e4r urvalet skulle ske om vad som skulle eller inte skulle vara med p\u00e5 utst\u00e4llningen. Vi kom ganska snabbt fram till att ordna allt utifr\u00e5n f\u00e4rger och satte ig\u00e5ng att bilda textila h\u00f6gar utifr\u00e5n f\u00e4rgerna p\u00e5 grejerna, vilket gladde mig v\u00e4ldigt, f\u00f6r om det finns n\u00e5gonting som \u00e4r klart underskattat h\u00e4r i v\u00e4rlden s\u00e5 \u00e4r det f\u00e4rgmatchning! F\u00e4rg is da shit som vi s\u00e4ger h\u00e4r i Hemse.Jag, Sandra och Carina ( som kom att bli k\u00e4ndis efter utst\u00e4llningen d\u00e5 hennes gummiryav\u00e4skor kom med p\u00e5 bild i GA, en av tv\u00e5 tidningar p\u00e5 Gotland. Den st\u00f6rsta s\u00e4ger vi\u2026) fick ett alldeles eget rum att h\u00e4nga, och v\u00e5ran f\u00e4rgskala blev gul, rosa och limegr\u00f6nt. Det grymma med att vara hos hemsl\u00f6jden var att vi fick tillg\u00e5ng till vindsf\u00f6rr\u00e5den, d\u00e4r de g\u00f6mmer sina hantverksskatter\u2026 Dagen fl\u00f6t p\u00e5 utan br\u00e5k och sura miner. Vi hade inte beh\u00f6vt oroa oss det minsta, och n\u00e4r vi vid 3-4 tiden var f\u00e4rdiga med allt s\u00e5 var alla n\u00f6jda och glada, och det blev v\u00e4ldigt bra alltihop, s\u00e4rskilt det gulrosalimegr\u00f6na rummet\u2026Vernissagen var kl 19, och tal och f\u00f6rmingel h\u00f6lls utomhus i kylan, och vi fick blommor och kramar och lycka-tills och drack cider och k\u00e4kade godis och gjorde ett och annat f\u00f6rs\u00f6k till mingel, men jag tycker att mingel \u00e4r lite sv\u00e5rt, jag fattar aldrig vad man s\u00e4ger till varandra n\u00e4r man minglar \u201dhej, ja trevligt trevligt att ni kom, h\u00e4r \u00e4r mina grejer, ta lite godis vettja, oj hej vad mycket folk\u2026ojoj..hejhej..\u201d..eller n\u00e5t\u2026 \u00a0<\/p>\n<p>Vi tog en massa bilder ocks\u00e5, t\u00e4nke ladda upp dem imorrn s\u00e5 kan ni f\u00e5 se hur det s\u00e5g ut. Fr\u00f6ken Sandra Svensson kommer \u00e4ven med d\u00e5 och bloggar, hon har gjort ett grymt intarsia-broderi med hundar och popcorn p\u00e5 bl.a, har ni tur f\u00e5r ni se en bild p\u00e5 underverket. \u00a0<\/p>\n<p>Nu ska jag v\u00e4va lite pl\u00e4d s\u00e5 den blir f\u00e4rdig innan helgen. N\u00e4sta vecka v\u00e4ntar Elvis p\u00e5 att bli v\u00e4vd, och hips vips s\u00e5 slutar vi h\u00e4r. Tills vi h\u00f6rs igen, hares\u00e5bra och akta fingertopparna!\u00a0<\/p>\n<p>Erika<\/p>\n","protected":false},"excerpt":{"rendered":"<p>S\u00e5 sitter man d\u00e5 h\u00e4r dagen efter vernissagen. Hela dagen har varit lite lagom seg, antar att det utan att man m\u00e4rkte det kr\u00e4vdes en kraftanstr\u00e4ngning ig\u00e5r med allt som skulle g\u00f6ras. G\u00e5rdagen b\u00f6rjade med att vi m\u00f6ttes upp p\u00e5 Langska huset ( f\u00f6r alla icke-gotl\u00e4nningar kan jag f\u00f6rklara att Langska huset \u00e4r hemsl\u00f6jdens hus [&hellip;]<\/p>\n","protected":false},"author":22,"featured_media":0,"comment_status":"open","ping_status":"closed","sticky":false,"template":"","format":"standard","meta":[],"categories":[20],"tags":[],"_links":{"self":[{"href":"http:\/\/kravallslojd.se\/wordpress\/index.php?rest_route=\/wp\/v2\/posts\/45"}],"collection":[{"href":"http:\/\/kravallslojd.se\/wordpress\/index.php?rest_route=\/wp\/v2\/posts"}],"about":[{"href":"http:\/\/kravallslojd.se\/wordpress\/index.php?rest_route=\/wp\/v2\/types\/post"}],"author":[{"embeddable":true,"href":"http:\/\/kravallslojd.se\/wordpress\/index.php?rest_route=\/wp\/v2\/users\/22"}],"replies":[{"embeddable":true,"href":"http:\/\/kravallslojd.se\/wordpress\/index.php?rest_route=%2Fwp%2Fv2%2Fcomments&post=45"}],"version-history":[{"count":0,"href":"http:\/\/kravallslojd.se\/wordpress\/index.php?rest_route=\/wp\/v2\/posts\/45\/revisions"}],"wp:attachment":[{"href":"http:\/\/kravallslojd.se\/wordpress\/index.php?rest_route=%2Fwp%2Fv2%2Fmedia&parent=45"}],"wp:term":[{"taxonomy":"category","embeddable":true,"href":"http:\/\/kravallslojd.se\/wordpress\/index.php?rest_route=%2Fwp%2Fv2%2Fcategories&post=45"},{"taxonomy":"post_tag","embeddable":true,"href":"http:\/\/kravallslojd.se\/wordpress\/index.php?rest_route=%2Fwp%2Fv2%2Ftags&post=45"}],"curies":[{"name":"wp","href":"https:\/\/api.w.org\/{rel}","templated":true}]}}