{"id":56,"date":"2007-05-04T14:56:02","date_gmt":"2007-05-04T12:56:02","guid":{"rendered":"http:\/\/kravallslojd.se\/bloggen\/?p=39"},"modified":"2007-05-04T14:56:02","modified_gmt":"2007-05-04T12:56:02","slug":"bildjournalen","status":"publish","type":"post","link":"http:\/\/kravallslojd.se\/wordpress\/?p=56","title":{"rendered":"bildjournalen"},"content":{"rendered":"<p><a href=\"http:\/\/kravallslojd.se\/bloggen\/wp-content\/uploads\/2007\/05\/gubbatacke.JPG\"  title=\"gubbatacke.JPG\"><\/a>Nu har vi laddat ner Sandras vernissagebilder. Min sladd till kameran har f\u00f6rsvunnit p\u00e5 n\u00e5t mystiskt s\u00e4tt, vilket \u00e4r tur just nu f\u00f6r Svenssons kamera \u00e4r mycket b\u00e4ttre. Vi visar det vi gillade b\u00e4st, och som svar till Mias kommentar s\u00e5 har det varit ganska mycket limegr\u00f6nt och rosa p\u00e5 Folkan i \u00e5r. N\u00e4r vi har diskuterat vad det \u00e4r som varit speciellt med \u00e5ret p\u00e5 skolan s\u00e5 \u00e4r det just en av sakerna vi kommit fram till, hur m\u00e5nga anv\u00e4nt sig av nya material och f\u00e4rgskalor men i gamla tekniker. Det \u00e4r en viss generationsskillnad d\u00e4r s\u00e5klart, de \u00e4ldre damerna i klassen har varit mer inriktade p\u00e5 att pr\u00f6va mer avancerade tekniker medan de yngre har mer utg\u00e5tt if\u00e5n vilka f\u00e4rger de tycker om och vilket uttryck de vill ha, f\u00f6r att utifr\u00e5n det v\u00e4lja en l\u00e4mplig teknik. Det har varit berikande att det har varit en s\u00e5 blandad grupp b\u00e5de i \u00e5lder ( den yngsta \u00e4r 20 och den \u00e4ldsta \u00e4r 72), bakgrund och orsaken till varf\u00f6r man s\u00f6kt sig till skolan och textilen. \u00a0<\/p>\n<p>S\u00e5, vars\u00e5goda o njut av de sprakande textilier vi visar p\u00e5 v\u00e5r utst\u00e4llning! ( i alla fall n\u00e5gra av dem)<\/p>\n<p>\u00a0<img decoding=\"async\" src=\"http:\/\/kravallslojd.se\/bloggen\/wp-content\/uploads\/2007\/05\/stol.JPG\" alt=\"stol.JPG\" \/><img decoding=\"async\" src=\"http:\/\/kravallslojd.se\/bloggen\/wp-content\/uploads\/2007\/05\/intarsia.JPG\" alt=\"intarsia.JPG\" \/><\/p>\n<p><img decoding=\"async\" src=\"http:\/\/kravallslojd.se\/bloggen\/wp-content\/uploads\/2007\/05\/maskerna1.JPG\" alt=\"maskerna1.JPG\" \/><\/p>\n<p><img decoding=\"async\" src=\"http:\/\/kravallslojd.se\/bloggen\/wp-content\/uploads\/2007\/05\/gubbatacke1.JPG\" alt=\"gubbatacke1.JPG\" \/><img decoding=\"async\" src=\"http:\/\/kravallslojd.se\/bloggen\/wp-content\/uploads\/2007\/05\/mattan1.JPG\" alt=\"mattan1.JPG\" \/><img decoding=\"async\" src=\"http:\/\/kravallslojd.se\/bloggen\/wp-content\/uploads\/2007\/05\/handdukar.JPG\" alt=\"handdukar.JPG\" \/><img decoding=\"async\" src=\"http:\/\/kravallslojd.se\/bloggen\/wp-content\/uploads\/2007\/05\/bolsterorya.JPG\" alt=\"bolsterorya.JPG\" \/><img decoding=\"async\" src=\"http:\/\/kravallslojd.se\/bloggen\/wp-content\/uploads\/2007\/05\/fotpall.JPG\" alt=\"fotpall.JPG\" \/>\u00a0<\/p>\n<p>Och s\u00e5 lite mingelbilder och Sandras fina bukett.<\/p>\n<p><img decoding=\"async\" loading=\"lazy\" width=\"304\" src=\"http:\/\/kravallslojd.se\/bloggen\/wp-content\/uploads\/2007\/05\/mingel1.JPG\" alt=\"mingel1.JPG\" height=\"226\" \/><\/p>\n<p><img decoding=\"async\" src=\"http:\/\/kravallslojd.se\/bloggen\/wp-content\/uploads\/2007\/05\/blommor1.JPG\" alt=\"blommor1.JPG\" \/><\/p>\n<p>Det har varit en rolig men konstig vecka, det har inte varit n\u00e5n riktig ordning p\u00e5 dagarna k\u00e4nns det som med helg mitt i och vernissage. Men nu \u00e4r det helg och imorgon ska jag p\u00e5 glasbl\u00e5sning med hantverksgruppen p\u00e5 skolan. Det \u00e4r f\u00f6rsta g\u00e5ngen jag provar bl\u00e5sa glas, hoppas det \u00e4r kul och att vi f\u00e5r bl\u00e5sa i fina f\u00e4rger.<\/p>\n<p>Hadets\u00e5bra och ha en trevlig fredag!<\/p>\n<p>Erika och Sandra<\/p>\n","protected":false},"excerpt":{"rendered":"<p>Nu har vi laddat ner Sandras vernissagebilder. Min sladd till kameran har f\u00f6rsvunnit p\u00e5 n\u00e5t mystiskt s\u00e4tt, vilket \u00e4r tur just nu f\u00f6r Svenssons kamera \u00e4r mycket b\u00e4ttre. Vi visar det vi gillade b\u00e4st, och som svar till Mias kommentar s\u00e5 har det varit ganska mycket limegr\u00f6nt och rosa p\u00e5 Folkan i \u00e5r. N\u00e4r vi [&hellip;]<\/p>\n","protected":false},"author":22,"featured_media":0,"comment_status":"open","ping_status":"closed","sticky":false,"template":"","format":"standard","meta":[],"categories":[20],"tags":[],"_links":{"self":[{"href":"http:\/\/kravallslojd.se\/wordpress\/index.php?rest_route=\/wp\/v2\/posts\/56"}],"collection":[{"href":"http:\/\/kravallslojd.se\/wordpress\/index.php?rest_route=\/wp\/v2\/posts"}],"about":[{"href":"http:\/\/kravallslojd.se\/wordpress\/index.php?rest_route=\/wp\/v2\/types\/post"}],"author":[{"embeddable":true,"href":"http:\/\/kravallslojd.se\/wordpress\/index.php?rest_route=\/wp\/v2\/users\/22"}],"replies":[{"embeddable":true,"href":"http:\/\/kravallslojd.se\/wordpress\/index.php?rest_route=%2Fwp%2Fv2%2Fcomments&post=56"}],"version-history":[{"count":0,"href":"http:\/\/kravallslojd.se\/wordpress\/index.php?rest_route=\/wp\/v2\/posts\/56\/revisions"}],"wp:attachment":[{"href":"http:\/\/kravallslojd.se\/wordpress\/index.php?rest_route=%2Fwp%2Fv2%2Fmedia&parent=56"}],"wp:term":[{"taxonomy":"category","embeddable":true,"href":"http:\/\/kravallslojd.se\/wordpress\/index.php?rest_route=%2Fwp%2Fv2%2Fcategories&post=56"},{"taxonomy":"post_tag","embeddable":true,"href":"http:\/\/kravallslojd.se\/wordpress\/index.php?rest_route=%2Fwp%2Fv2%2Ftags&post=56"}],"curies":[{"name":"wp","href":"https:\/\/api.w.org\/{rel}","templated":true}]}}