{"id":5945,"date":"2011-08-14T09:26:51","date_gmt":"2011-08-14T08:26:51","guid":{"rendered":"http:\/\/kravallslojd.se\/wordpress\/?p=5945"},"modified":"2011-08-14T09:29:41","modified_gmt":"2011-08-14T08:29:41","slug":"om-att-ta-tillvara","status":"publish","type":"post","link":"http:\/\/kravallslojd.se\/wordpress\/?p=5945","title":{"rendered":"Om att ta tillvara"},"content":{"rendered":"<p>Jag arbetar ju i en del material som andra tycker \u00e4r skr\u00e4p. Men n\u00e4r jag anv\u00e4nder skr\u00e4pet och g\u00f6r n\u00e5got annat av det, s\u00e5 f\u00e5r jag sj\u00e4lv k\u00e4nslan av att jag f\u00f6r\u00e4dlar skr\u00e4pet. Jag h\u00f6jer upp det och ger det ett nytt v\u00e4rde. Det \u00e4r det inte alla som f\u00f6rst\u00e5r. Jag f\u00e5r ibland kommentarer om s\u00e5dant jag tillverkat av ex. pl\u00e5tburkar. Att de inte f\u00f6rst\u00e5r sig p\u00e5. Att det inte kan kosta s\u00e5 mycket, det \u00e4r ju gamla pl\u00e5tburkar. Att det p\u00e5 n\u00e5got s\u00e4tt \u00e4r ett fult material.<\/p>\n<p>Plast har ju ocks\u00e5 en ful k\u00e4nsla \u00f6ver sig. F\u00f6r n\u00e5got \u00e5rtionde sedan s\u00e5 kunde nog n\u00e4stan inte en sak av plast vara i n\u00e4rheten av sl\u00f6jd. Men nu n\u00e4r man tex kan \u00e5terbruka plast, s\u00e5 kan det kanske ocks\u00e5 upph\u00f6jas lite. F\u00e5 ett \u00f6kat v\u00e4rde.\u00a0 F\u00f6r milj\u00f6ns skull \u00e4r det dock bra om vi l\u00e5ter bli att konsumera nytillverkad plast.<\/p>\n<p>F\u00f6r n\u00e5gra \u00e5r sedan upplever jag ocks\u00e5 att det var lite fult att virka. Men idag har det blivit ett uppsving p\u00e5 virkandet igen. Det \u00e4r inne och kul. Men t\u00e4nk bara p\u00e5 alla miljoner virkade dukar som grytlappar som s\u00e4ljs f\u00f6r n\u00e4stan ingenting p\u00e5 loppis. De \u00e4r kanske inte s\u00e5 fina att anv\u00e4nda som just dukar och inte speciellt funktionella som grytlappar, men om man t\u00e4nker p\u00e5 allt arbete som lagts ner p\u00e5 dem s\u00e5 vill jag g\u00e4rna se mig som de fula sakernas riddare och \u00e5terbruka dem p\u00e5 olika s\u00e4tt.<\/p>\n<p>Idag p\u00e5 morgonen har jag varit i ateljen och tagit tillvara gamla broderier fr\u00e5n handdukar och lakan. Av dem syrjag kuddar. Nedan syns en bild p\u00e5 en av dem. Det k\u00e4nns bra att ta tillvara.<\/p>\n<p>Med det h\u00e4r g\u00e4stinl\u00e4gget tackar jag f\u00f6r mig!<\/p>\n<p>Av n\u00e5gon anledning f\u00e5r jag inte in bilder, varken p\u00e5 detta inl\u00e4gg eller p\u00e5 det f\u00f6rra&#8230;<\/p>\n<p>&nbsp;<\/p>\n","protected":false},"excerpt":{"rendered":"<p>Jag arbetar ju i en del material som andra tycker \u00e4r skr\u00e4p. Men n\u00e4r jag anv\u00e4nder skr\u00e4pet och g\u00f6r n\u00e5got annat av det, s\u00e5 f\u00e5r jag sj\u00e4lv k\u00e4nslan av att jag f\u00f6r\u00e4dlar skr\u00e4pet. Jag h\u00f6jer upp det och ger det ett nytt v\u00e4rde. Det \u00e4r det inte alla som f\u00f6rst\u00e5r. Jag f\u00e5r ibland kommentarer om [&hellip;]<\/p>\n","protected":false},"author":170,"featured_media":0,"comment_status":"open","ping_status":"open","sticky":false,"template":"","format":"standard","meta":[],"categories":[665],"tags":[179,142],"_links":{"self":[{"href":"http:\/\/kravallslojd.se\/wordpress\/index.php?rest_route=\/wp\/v2\/posts\/5945"}],"collection":[{"href":"http:\/\/kravallslojd.se\/wordpress\/index.php?rest_route=\/wp\/v2\/posts"}],"about":[{"href":"http:\/\/kravallslojd.se\/wordpress\/index.php?rest_route=\/wp\/v2\/types\/post"}],"author":[{"embeddable":true,"href":"http:\/\/kravallslojd.se\/wordpress\/index.php?rest_route=\/wp\/v2\/users\/170"}],"replies":[{"embeddable":true,"href":"http:\/\/kravallslojd.se\/wordpress\/index.php?rest_route=%2Fwp%2Fv2%2Fcomments&post=5945"}],"version-history":[{"count":3,"href":"http:\/\/kravallslojd.se\/wordpress\/index.php?rest_route=\/wp\/v2\/posts\/5945\/revisions"}],"predecessor-version":[{"id":5949,"href":"http:\/\/kravallslojd.se\/wordpress\/index.php?rest_route=\/wp\/v2\/posts\/5945\/revisions\/5949"}],"wp:attachment":[{"href":"http:\/\/kravallslojd.se\/wordpress\/index.php?rest_route=%2Fwp%2Fv2%2Fmedia&parent=5945"}],"wp:term":[{"taxonomy":"category","embeddable":true,"href":"http:\/\/kravallslojd.se\/wordpress\/index.php?rest_route=%2Fwp%2Fv2%2Fcategories&post=5945"},{"taxonomy":"post_tag","embeddable":true,"href":"http:\/\/kravallslojd.se\/wordpress\/index.php?rest_route=%2Fwp%2Fv2%2Ftags&post=5945"}],"curies":[{"name":"wp","href":"https:\/\/api.w.org\/{rel}","templated":true}]}}