{"id":69,"date":"2007-05-22T23:24:59","date_gmt":"2007-05-22T21:24:59","guid":{"rendered":"http:\/\/kravallslojd.se\/bloggen\/?p=97"},"modified":"2007-05-22T23:24:59","modified_gmt":"2007-05-22T21:24:59","slug":"nattlig-somnad-infor-varutstallningen","status":"publish","type":"post","link":"http:\/\/kravallslojd.se\/wordpress\/?p=69","title":{"rendered":"Nattlig s\u00f6mnad inf\u00f6r v\u00e5rutst\u00e4llningen"},"content":{"rendered":"<p align=\"left\">Jag har problem med att avsluta saker. Det har jag l\u00e4rt mig h\u00e4r p\u00e5 S\u00e4tergl\u00e4ntan att jag har. Av alla plagg vi sytt (sex stycken) under ett l\u00e4s\u00e5r har jag inte lyckats bli helt f\u00e4rdig med mer \u00e4n tv\u00e5, och dem sydde jag klart i slutet av f\u00f6rra veckan. Kl\u00e4nningen beh\u00f6ver jag f\u00f6rresten \u00e4ndra i ryggen\u2026<\/p>\n<p align=\"left\">Det brukar inte vara mycket som fattas. F\u00e5llning, broderi, knappar och knapph\u00e5l eller en krage. Men n\u00e4r det kommer s\u00e5 l\u00e5ngt l\u00e4gger jag allt \u00e5t sidan, ocks\u00e5 ligger det d\u00e4r, mitt plagg, of\u00e4rdigt.\u00a0\u00a0\u00a0 Jag syr inte fort. Och varje g\u00e5ng jag missat inl\u00e4mningstiden har panikstressen sl\u00e4ppt, jag slappnar av lite och f\u00e5r sv\u00e5rt att ta upp och forts\u00e4tta p\u00e5 plagget efter\u00e5t eftersom jag inte vill p\u00e5minnas om hur jag m\u00e5tt under tiden jag sytt det. Det \u00e4r nog d\u00e4rf\u00f6r. Den h\u00e4r utbildningen \u00e4r mycket intensiv. Det \u00e4r de g\u00e5nger n\u00e4r jag inte \u00e4r stressad som jag kommer ih\u00e5g hur roligt det faktiskt \u00e4r att sy.\u00a0<\/p>\n<p align=\"left\">D\u00e4rf\u00f6r har jag allts\u00e5 ett antal of\u00e4rdiga plagg i l\u00e5dan. P\u00e5 fredag och l\u00f6rdag \u00e4r det v\u00e5rutst\u00e4llning h\u00e4r p\u00e5 skolan. Vi p\u00e5 s\u00f6mnadslinjen ska visa upp v\u00e5ra plagg f\u00f6r bes\u00f6karna i ett par kl\u00e4dvisningar. Och om jag inte ska mannek\u00e4nga i en knappl\u00f6s skjorta med traskant ist\u00e4llet f\u00f6r krage, eller en kl\u00e4nning med snedsl\u00e5 i bara ena \u00e4rmh\u00e5let och halsringningen, en kl\u00e4nning som jag dessutom bara kommer i om jag slutar \u00e4ta eftersom jag inte sytt i blixtl\u00e5set \u00e4n, s\u00e5 g\u00e4ller det att ligga i.\u00a0\u00a0\u00a0 Det g\u00f6r jag. Ligger i som en liten bl\u00e5. Hade s\u00e5 bra framf\u00f6rh\u00e5llning att jag idag borde ha roat mig med att titta p\u00e5 film eller \u00e5ka till biblioteket om tidsplanerna h\u00e5llit. Det har de inte gjort. Det \u00e4r s\u00e5 mycket som kan g\u00e5 fel n\u00e4r man syr ett plagg. Och allt tar mycket, mycket l\u00e4ngre tid \u00e4n man tror. Suck. Snart b\u00f6rjar paniks\u00f6mnaden. Idag la jag av klockan tio f\u00f6r att sova tillr\u00e4ckligt inatt, f\u00f6r att kunna sy f\u00f6ljande n\u00e4tter om det blir n\u00f6dv\u00e4ndigt. Och det l\u00e4r det bli.\u00a0<\/p>\n<p align=\"left\">Jag har en tr\u00f6stchoklad i skrivbordsl\u00e5dan om det g\u00e5r illa, och vid Leksandsbes\u00f6ket ig\u00e5r (beh\u00f6vde tr\u00e5d och blixtl\u00e5s) gick jag in i en blomsteraff\u00e4r f\u00f6r att k\u00f6pa rosa tulpaner. Jag \u00e4r s\u00e4ker p\u00e5 att man syr finare s\u00f6mmar och g\u00f6r mindre fel med en bukett rosa tulpaner framf\u00f6r \u00f6gonen. Men de hade inga s\u00e5dana blommor.\u00a0\u00a0\u00a0 Det beror nog p\u00e5 tulpanbristen att jag fick spr\u00e4tta s\u00e5 mycket idag att jag inte hann med vare sig blixtl\u00e5s, bandkantning eller snedsl\u00e5n i andra \u00e4rmh\u00e5let p\u00e5 kl\u00e4nningen.\u00a0\u00a0\u00a0 Fast glassbilen kom ig\u00e5r kv\u00e4ll och jag delade en p\u00e5se minimar\u00e4ngcup med en v\u00e4vtjej. Att s\u00e4tta skeden i en halvsm\u00e4lt glassb\u00e4gare med mar\u00e4ng \u00e4r inte heller dumt under jobbiga perioder.\u00a0\u00a0\u00a0 Ska faktiskt ta en med en g\u00e5ng. Magen kurrar.<\/p>\n","protected":false},"excerpt":{"rendered":"<p>Jag har problem med att avsluta saker. Det har jag l\u00e4rt mig h\u00e4r p\u00e5 S\u00e4tergl\u00e4ntan att jag har. Av alla plagg vi sytt (sex stycken) under ett l\u00e4s\u00e5r har jag inte lyckats bli helt f\u00e4rdig med mer \u00e4n tv\u00e5, och dem sydde jag klart i slutet av f\u00f6rra veckan. Kl\u00e4nningen beh\u00f6ver jag f\u00f6rresten \u00e4ndra i [&hellip;]<\/p>\n","protected":false},"author":24,"featured_media":0,"comment_status":"open","ping_status":"closed","sticky":false,"template":"","format":"standard","meta":[],"categories":[13],"tags":[],"_links":{"self":[{"href":"http:\/\/kravallslojd.se\/wordpress\/index.php?rest_route=\/wp\/v2\/posts\/69"}],"collection":[{"href":"http:\/\/kravallslojd.se\/wordpress\/index.php?rest_route=\/wp\/v2\/posts"}],"about":[{"href":"http:\/\/kravallslojd.se\/wordpress\/index.php?rest_route=\/wp\/v2\/types\/post"}],"author":[{"embeddable":true,"href":"http:\/\/kravallslojd.se\/wordpress\/index.php?rest_route=\/wp\/v2\/users\/24"}],"replies":[{"embeddable":true,"href":"http:\/\/kravallslojd.se\/wordpress\/index.php?rest_route=%2Fwp%2Fv2%2Fcomments&post=69"}],"version-history":[{"count":0,"href":"http:\/\/kravallslojd.se\/wordpress\/index.php?rest_route=\/wp\/v2\/posts\/69\/revisions"}],"wp:attachment":[{"href":"http:\/\/kravallslojd.se\/wordpress\/index.php?rest_route=%2Fwp%2Fv2%2Fmedia&parent=69"}],"wp:term":[{"taxonomy":"category","embeddable":true,"href":"http:\/\/kravallslojd.se\/wordpress\/index.php?rest_route=%2Fwp%2Fv2%2Fcategories&post=69"},{"taxonomy":"post_tag","embeddable":true,"href":"http:\/\/kravallslojd.se\/wordpress\/index.php?rest_route=%2Fwp%2Fv2%2Ftags&post=69"}],"curies":[{"name":"wp","href":"https:\/\/api.w.org\/{rel}","templated":true}]}}