{"id":70,"date":"2007-05-25T02:01:46","date_gmt":"2007-05-25T00:01:46","guid":{"rendered":"http:\/\/kravallslojd.se\/bloggen\/?p=99"},"modified":"2007-05-25T02:01:46","modified_gmt":"2007-05-25T00:01:46","slug":"klar-2","status":"publish","type":"post","link":"http:\/\/kravallslojd.se\/wordpress\/?p=70","title":{"rendered":"Klar!"},"content":{"rendered":"<p><font face=\"Times New Roman\">Puh! F\u00e4rdig! Jag \u00e4r n\u00e4stan redo f\u00f6r kl\u00e4dvisningen imorgon. Eller senare idag, hur man nu ser p\u00e5 saken. Jag \u00e4r grymt tr\u00f6tt. Sydde till klockan fem i morse, och nu blev det sent igen. Men jag \u00e4r klar! F\u00f6rutom vissa detaljer men dem \u00e4r det ingen som ser. Det jag sytt f\u00e4rdigt ikv\u00e4ll \u00e4r en bl\u00e5 figursydd linneskjorta linneskjorta med r\u00f6da passpoaler. Det jag hade kvar p\u00e5 den var kragen. Det blev en liten kinakrage. Det \u00e4r en enkel liten krage s\u00e5 jag v\u00e5gar inte t\u00e4nka p\u00e5 hur m\u00e5nga timmar jag lagt ned p\u00e5 den. Det skulle tas med i rekordboken. \u201dL\u00e4ngst tid f\u00f6r att sy en kinakrage.\u201d Jag var tr\u00f6tt helt enkelt.<\/font><\/p>\n<p><font face=\"Times New Roman\">F\u00e4rdig \u00e4r ocks\u00e5 en bl\u00e5gr\u00f6n bandkantad yllekjol. Jag har pippi p\u00e5 bandkantningar. Jag \u00e4lskar dem. Fast de \u00e4r f\u00f6rbaskat besv\u00e4rliga att sy. I den kl\u00e4nning som jag ocks\u00e5 sytt f\u00e4rdig har jag snedsl\u00e5ar i halsringning, \u00e4rmh\u00e5l och nederkant. Mycket jobb med det. Men s\u00e5 fin den blev! Den \u00e4r fr\u00e5n \u00e5terbruksprojektet vi hade i klassen. Att utifr\u00e5n lakan, dukar, gamla kl\u00e4der, lampsk\u00e4rmar etc. skapa nya plagg. Kl\u00e4nningar. J\u00e4tteskoj. Man beh\u00f6ver inte vara s\u00e5 r\u00e4dd att g\u00f6ra fel med ett loppisfynd som med ett dyrt tyg fr\u00e5n tygaff\u00e4ren. Kan leka hur mycket man vill. Min kl\u00e4nning \u00e4r gjord av ett brunt lakan med bl\u00e5 pens\u00e9er och lila violer. L\u00e5ter inget vidare, men jag \u00e4r alldeles k\u00e4r i tyget.<\/font><\/p><\/p>\n","protected":false},"excerpt":{"rendered":"<p>Puh! F\u00e4rdig! Jag \u00e4r n\u00e4stan redo f\u00f6r kl\u00e4dvisningen imorgon. Eller senare idag, hur man nu ser p\u00e5 saken. Jag \u00e4r grymt tr\u00f6tt. Sydde till klockan fem i morse, och nu blev det sent igen. Men jag \u00e4r klar! F\u00f6rutom vissa detaljer men dem \u00e4r det ingen som ser. Det jag sytt f\u00e4rdigt ikv\u00e4ll \u00e4r en [&hellip;]<\/p>\n","protected":false},"author":24,"featured_media":0,"comment_status":"open","ping_status":"closed","sticky":false,"template":"","format":"standard","meta":[],"categories":[13],"tags":[],"_links":{"self":[{"href":"http:\/\/kravallslojd.se\/wordpress\/index.php?rest_route=\/wp\/v2\/posts\/70"}],"collection":[{"href":"http:\/\/kravallslojd.se\/wordpress\/index.php?rest_route=\/wp\/v2\/posts"}],"about":[{"href":"http:\/\/kravallslojd.se\/wordpress\/index.php?rest_route=\/wp\/v2\/types\/post"}],"author":[{"embeddable":true,"href":"http:\/\/kravallslojd.se\/wordpress\/index.php?rest_route=\/wp\/v2\/users\/24"}],"replies":[{"embeddable":true,"href":"http:\/\/kravallslojd.se\/wordpress\/index.php?rest_route=%2Fwp%2Fv2%2Fcomments&post=70"}],"version-history":[{"count":0,"href":"http:\/\/kravallslojd.se\/wordpress\/index.php?rest_route=\/wp\/v2\/posts\/70\/revisions"}],"wp:attachment":[{"href":"http:\/\/kravallslojd.se\/wordpress\/index.php?rest_route=%2Fwp%2Fv2%2Fmedia&parent=70"}],"wp:term":[{"taxonomy":"category","embeddable":true,"href":"http:\/\/kravallslojd.se\/wordpress\/index.php?rest_route=%2Fwp%2Fv2%2Fcategories&post=70"},{"taxonomy":"post_tag","embeddable":true,"href":"http:\/\/kravallslojd.se\/wordpress\/index.php?rest_route=%2Fwp%2Fv2%2Ftags&post=70"}],"curies":[{"name":"wp","href":"https:\/\/api.w.org\/{rel}","templated":true}]}}