{"id":80,"date":"2007-05-30T21:16:49","date_gmt":"2007-05-30T19:16:49","guid":{"rendered":"http:\/\/kravallslojd.se\/bloggen\/?p=108"},"modified":"2007-05-30T21:16:49","modified_gmt":"2007-05-30T19:16:49","slug":"doskallar-och-i-landsproblem","status":"publish","type":"post","link":"http:\/\/kravallslojd.se\/wordpress\/?p=80","title":{"rendered":"D\u00f6skallar och I-landsproblem"},"content":{"rendered":"<p>Onsdagen damp ner som en tegelsten p\u00e5 foten, sm\u00e4rtsamt vaknade jag och ins\u00e5g att jag \u00e4ven idag inte f\u00e5tt den sk\u00f6nhetss\u00f6mn min kropp s\u00e5 ofta skriker efter. Tidigare \u00e4n vanligt packade jag bilen och for till den skola jag hj\u00e4lper till p\u00e5. Vi skulle g\u00f6ra pilb\u00e5gar och pilar idag. Min ankomst var allt annat \u00e4n stillsam, skrikande ungar som sl\u00e5ss f\u00f6r att f\u00f6rst f\u00e5 krama mig gjorde att jag gl\u00f6mde min tr\u00f6tthet och vaknade till liv, en kopp kaffe och en ryggmassage (av en elev) senare var det dags f\u00f6r knivarna. K\u00e4nner mig stolt att jag f\u00e5tt en s\u00e5dan rutin med knivar s\u00e5 barnen s\u00e4llan sk\u00e4r sig numera.<\/p>\n<p>Lite hets och svett senare stod vi d\u00e4r med pilb\u00e5garna sp\u00e4nda och bara v\u00e4ntade p\u00e5 att vilddjuren skulle komma s\u00e5 vi fick prova dem.<\/p>\n<p>Innan jag fortsatte hem, fick jag se en provserie handgjorda muggar med d\u00f6skallar p\u00e5 som jag best\u00e4llt. Blev s\u00e5 k\u00e4r att jag k\u00f6pte 4 av dem direkt\u2026 ska h\u00e5rdtesta vilken som \u00e4r b\u00e4st och best\u00e4lla fler.<\/p>\n<p><img decoding=\"async\" src=\"http:\/\/kravallslojd.se\/bloggen\/wp-content\/uploads\/2007\/05\/21.jpg\" alt=\"21.jpg\" \/><\/p>\n<p><img decoding=\"async\" src=\"http:\/\/kravallslojd.se\/bloggen\/wp-content\/uploads\/2007\/05\/1.jpg\" alt=\"1.jpg\" \/><\/p>\n<p>Dagen har \u00e4ven innefattat planeringsarbete inf\u00f6r en kulturfestival i V\u00e4xj\u00f6, ska fixa en grupp unga som ska sl\u00f6jddekorera en buss som ska \u00e5ka runt i stan och erbjuda hantverk. Bussen bjuder en s\u00e5 kallad KUL-TUR. Vi f\u00e5r se vad som h\u00e4nder med den.<\/p>\n<p>B\u00f6rjar f\u00e5 panik inf\u00f6r semestern. Har hela 8 veckor, men vet inte hur jag ska hinna ta ut dem. Har s\u00e5 mycket att g\u00f6ra och trivs s\u00e5 bra med att jobba att jag inte vet hur det ska g\u00e5 med 8 veckors avh\u00e5llsamhet. Snacka om dagens I-landsproblem\u2026<\/p>\n","protected":false},"excerpt":{"rendered":"<p>Onsdagen damp ner som en tegelsten p\u00e5 foten, sm\u00e4rtsamt vaknade jag och ins\u00e5g att jag \u00e4ven idag inte f\u00e5tt den sk\u00f6nhetss\u00f6mn min kropp s\u00e5 ofta skriker efter. Tidigare \u00e4n vanligt packade jag bilen och for till den skola jag hj\u00e4lper till p\u00e5. Vi skulle g\u00f6ra pilb\u00e5gar och pilar idag. Min ankomst var allt annat \u00e4n [&hellip;]<\/p>\n","protected":false},"author":25,"featured_media":0,"comment_status":"open","ping_status":"closed","sticky":false,"template":"","format":"standard","meta":[],"categories":[75],"tags":[],"_links":{"self":[{"href":"http:\/\/kravallslojd.se\/wordpress\/index.php?rest_route=\/wp\/v2\/posts\/80"}],"collection":[{"href":"http:\/\/kravallslojd.se\/wordpress\/index.php?rest_route=\/wp\/v2\/posts"}],"about":[{"href":"http:\/\/kravallslojd.se\/wordpress\/index.php?rest_route=\/wp\/v2\/types\/post"}],"author":[{"embeddable":true,"href":"http:\/\/kravallslojd.se\/wordpress\/index.php?rest_route=\/wp\/v2\/users\/25"}],"replies":[{"embeddable":true,"href":"http:\/\/kravallslojd.se\/wordpress\/index.php?rest_route=%2Fwp%2Fv2%2Fcomments&post=80"}],"version-history":[{"count":0,"href":"http:\/\/kravallslojd.se\/wordpress\/index.php?rest_route=\/wp\/v2\/posts\/80\/revisions"}],"wp:attachment":[{"href":"http:\/\/kravallslojd.se\/wordpress\/index.php?rest_route=%2Fwp%2Fv2%2Fmedia&parent=80"}],"wp:term":[{"taxonomy":"category","embeddable":true,"href":"http:\/\/kravallslojd.se\/wordpress\/index.php?rest_route=%2Fwp%2Fv2%2Fcategories&post=80"},{"taxonomy":"post_tag","embeddable":true,"href":"http:\/\/kravallslojd.se\/wordpress\/index.php?rest_route=%2Fwp%2Fv2%2Ftags&post=80"}],"curies":[{"name":"wp","href":"https:\/\/api.w.org\/{rel}","templated":true}]}}