{"id":86,"date":"2007-06-04T00:04:04","date_gmt":"2007-06-03T22:04:04","guid":{"rendered":"http:\/\/kravallslojd.se\/bloggen\/?p=115"},"modified":"2007-06-04T00:04:04","modified_gmt":"2007-06-03T22:04:04","slug":"115","status":"publish","type":"post","link":"http:\/\/kravallslojd.se\/wordpress\/?p=86","title":{"rendered":"Veckan \u00e4r slut och sommaren har anl\u00e4nt\u2026"},"content":{"rendered":"<p>Under l\u00f6rdagen var det som om sommaren stod och pockade p\u00e5 uppm\u00e4rksamhet. Alla v\u00e4xter \u00e4r uppe och f\u00e5glarnas ungar har redan kastats ut ur sina bon.<br \/>\nsommaren f\u00f6r med sig en massa konstiga krav och m\u00e5sten. Jag m\u00e5ste vara kreativ, jag m\u00e5ste skapa. Eller jag m\u00e5ste inte, men jag vill det s\u00e5 enormt mycket s\u00e5 det blir n\u00e4stan som ett krav.<\/p>\n<p>Helgen \u00e4r redan slut och jag vet inte vart den har tagit v\u00e4gen. Det \u00e4r samma sak varje g\u00e5ng.<br \/>\nTur nog s\u00e5 har jag min mobiltelefon\u2026 mobilkameran anv\u00e4nds flitigt och en liten tillbakablick p\u00e5 bilderna fr\u00e5n en tid som flytt, f\u00e5r mig att minnas och se att det h\u00e4nder en massa saker kring mig. S\u00e5 nu p\u00e5 s\u00f6ndagskv\u00e4llen tittar jag i mobilen och hittar en massa bevis p\u00e5 aktivitet. Fester, konserter, l\u00f6rdags shopping, loppis fynd och morgonmys.<\/p>\n<p><img decoding=\"async\" loading=\"lazy\" width=\"497\" src=\"http:\/\/kravallslojd.se\/bloggen\/wp-content\/uploads\/2007\/06\/helgen.jpg\" alt=\"Helgen\" height=\"125\" \/><\/p>\n<p>Det enda min helgen ritigt saknat, \u00e4r sl\u00f6jd. En riktigt fet pinne och en vass kniv var nog just det min kropp hade beh\u00f6vt. Men det f\u00e5r vi ta en annan g\u00e5ng, som alltid.<\/p>\n<p>Tiden har kommit d\u00e5 jag ska tacka f\u00f6r mig och \u00f6verl\u00e4mna stafettpinnen vidare.<\/p>\n","protected":false},"excerpt":{"rendered":"<p>Under l\u00f6rdagen var det som om sommaren stod och pockade p\u00e5 uppm\u00e4rksamhet. Alla v\u00e4xter \u00e4r uppe och f\u00e5glarnas ungar har redan kastats ut ur sina bon. sommaren f\u00f6r med sig en massa konstiga krav och m\u00e5sten. Jag m\u00e5ste vara kreativ, jag m\u00e5ste skapa. Eller jag m\u00e5ste inte, men jag vill det s\u00e5 enormt mycket s\u00e5 [&hellip;]<\/p>\n","protected":false},"author":25,"featured_media":0,"comment_status":"open","ping_status":"closed","sticky":false,"template":"","format":"standard","meta":[],"categories":[75],"tags":[],"_links":{"self":[{"href":"http:\/\/kravallslojd.se\/wordpress\/index.php?rest_route=\/wp\/v2\/posts\/86"}],"collection":[{"href":"http:\/\/kravallslojd.se\/wordpress\/index.php?rest_route=\/wp\/v2\/posts"}],"about":[{"href":"http:\/\/kravallslojd.se\/wordpress\/index.php?rest_route=\/wp\/v2\/types\/post"}],"author":[{"embeddable":true,"href":"http:\/\/kravallslojd.se\/wordpress\/index.php?rest_route=\/wp\/v2\/users\/25"}],"replies":[{"embeddable":true,"href":"http:\/\/kravallslojd.se\/wordpress\/index.php?rest_route=%2Fwp%2Fv2%2Fcomments&post=86"}],"version-history":[{"count":0,"href":"http:\/\/kravallslojd.se\/wordpress\/index.php?rest_route=\/wp\/v2\/posts\/86\/revisions"}],"wp:attachment":[{"href":"http:\/\/kravallslojd.se\/wordpress\/index.php?rest_route=%2Fwp%2Fv2%2Fmedia&parent=86"}],"wp:term":[{"taxonomy":"category","embeddable":true,"href":"http:\/\/kravallslojd.se\/wordpress\/index.php?rest_route=%2Fwp%2Fv2%2Fcategories&post=86"},{"taxonomy":"post_tag","embeddable":true,"href":"http:\/\/kravallslojd.se\/wordpress\/index.php?rest_route=%2Fwp%2Fv2%2Ftags&post=86"}],"curies":[{"name":"wp","href":"https:\/\/api.w.org\/{rel}","templated":true}]}}