{"id":8884,"date":"2012-09-03T18:03:24","date_gmt":"2012-09-03T17:03:24","guid":{"rendered":"http:\/\/kravallslojd.se\/wordpress\/?p=8884"},"modified":"2012-09-03T18:03:24","modified_gmt":"2012-09-03T17:03:24","slug":"jag-ar-dadaist","status":"publish","type":"post","link":"http:\/\/kravallslojd.se\/wordpress\/?p=8884","title":{"rendered":"Jag \u00e4r dadaist"},"content":{"rendered":"<p>&nbsp;<\/p>\n<p><span style=\"font-family: Arial, sans-serif\"><span style=\"font-size: small\"><em>Jag \u00e4r dadaist. Jag vill verka f\u00f6r att uppl\u00f6sa gr\u00e4nsen mellan verkligheten och konsten. Jag vill att folk ska se den estetiska potentialen i allt vi omger oss med, s\u00e4rskilt det som normalt inte anses vara n\u00e5got att ha. Jag g\u00f6r detta genom att kombinera \u00e5terbrukade fragment fr\u00e5n olika stilar och epoker. Jag jobbar med ready-mades. Jag \u00e4r dadaist.<\/em><\/span><\/span><\/p>\n<p>&nbsp;<\/p>\n<p><span style=\"font-family: Arial, sans-serif\"><span style=\"font-size: small\">Snart 100 \u00e5r efter Marcel Duchamps \u201dFont\u00e4n\u201d tycker jag att ready-mades \u00e4r det mest relevanta och intressanta material att jobba med f\u00f6r mig som formgivare. Ready-mades har en inneboende historia och en uppsj\u00f6 av inspirationsm\u00f6jligheter. N\u00e4r man kombinerar fragment ur verkligheten uppst\u00e5r ytterligare o\u00e4ndliga variabler och korsbefruktningar. M\u00f6tet mellan dessa v\u00e4sensskilda best\u00e5ndsdelar utg\u00f6r br\u00e4nslet i min kreativa reaktor. Jag kombinerar oftast tv\u00e5, ibland tre olika best\u00e5ndsdelar som f\u00e5r utg\u00f6ra huvudelement i det som oftast resulterar i en m\u00f6bel. Jag s\u00e4tter ihop delar av gamla m\u00f6bler, byggmaterial, l\u00e5dor och dylikt till nya skapelser. Som Frankensteins monster men i m\u00f6belform&#8230;<\/span><\/span><\/p>\n<p>&nbsp;<\/p>\n<p><span style=\"font-family: Arial, sans-serif\"><span style=\"font-size: small\">Jag h\u00e5ller nu p\u00e5 att f\u00e4rdigst\u00e4lla en utst\u00e4llning p\u00e5 Skurups bibliotek som ska ha vernissage nu p\u00e5 onsdag. Jag kallar min arbetsmetod f\u00f6r <\/span><\/span><em><span style=\"font-family: Arial, sans-serif\"><span style=\"font-size: small\">Kombino Am\u00f6bel<\/span><\/span><\/em><span style=\"font-family: Arial, sans-serif\"><span style=\"font-size: small\"> och utst\u00e4llningen g\u00e5r under namnet <\/span><\/span><em><span style=\"font-family: Arial, sans-serif\"><span style=\"font-size: small\">Nyt\u00e4ndning f\u00f6r uttj\u00e4nta m\u00f6bler.<\/span><\/span><\/em><\/p>\n<p>&nbsp;<\/p>\n<p><span style=\"font-family: Arial, sans-serif\"><span style=\"font-size: small\"><a href=\"http:\/\/kravallslojd.se\/wordpress\/?attachment_id=8885\"  rel=\"attachment wp-att-8885\"><img decoding=\"async\" loading=\"lazy\" class=\"alignnone size-medium wp-image-8885\" src=\"http:\/\/kravallslojd.se\/wordpress\/wp-content\/uploads\/2012\/09\/skubibl21-270x300.jpg\" alt=\"\" width=\"270\" height=\"300\" \/><\/a><\/span><\/span><\/p>\n","protected":false},"excerpt":{"rendered":"<p>&nbsp; Jag \u00e4r dadaist. Jag vill verka f\u00f6r att uppl\u00f6sa gr\u00e4nsen mellan verkligheten och konsten. Jag vill att folk ska se den estetiska potentialen i allt vi omger oss med, s\u00e4rskilt det som normalt inte anses vara n\u00e5got att ha. Jag g\u00f6r detta genom att kombinera \u00e5terbrukade fragment fr\u00e5n olika stilar och epoker. Jag jobbar [&hellip;]<\/p>\n","protected":false},"author":218,"featured_media":0,"comment_status":"open","ping_status":"open","sticky":false,"template":"","format":"standard","meta":[],"categories":[1032],"tags":[179,1033,1035,1034],"_links":{"self":[{"href":"http:\/\/kravallslojd.se\/wordpress\/index.php?rest_route=\/wp\/v2\/posts\/8884"}],"collection":[{"href":"http:\/\/kravallslojd.se\/wordpress\/index.php?rest_route=\/wp\/v2\/posts"}],"about":[{"href":"http:\/\/kravallslojd.se\/wordpress\/index.php?rest_route=\/wp\/v2\/types\/post"}],"author":[{"embeddable":true,"href":"http:\/\/kravallslojd.se\/wordpress\/index.php?rest_route=\/wp\/v2\/users\/218"}],"replies":[{"embeddable":true,"href":"http:\/\/kravallslojd.se\/wordpress\/index.php?rest_route=%2Fwp%2Fv2%2Fcomments&post=8884"}],"version-history":[{"count":3,"href":"http:\/\/kravallslojd.se\/wordpress\/index.php?rest_route=\/wp\/v2\/posts\/8884\/revisions"}],"predecessor-version":[{"id":8891,"href":"http:\/\/kravallslojd.se\/wordpress\/index.php?rest_route=\/wp\/v2\/posts\/8884\/revisions\/8891"}],"wp:attachment":[{"href":"http:\/\/kravallslojd.se\/wordpress\/index.php?rest_route=%2Fwp%2Fv2%2Fmedia&parent=8884"}],"wp:term":[{"taxonomy":"category","embeddable":true,"href":"http:\/\/kravallslojd.se\/wordpress\/index.php?rest_route=%2Fwp%2Fv2%2Fcategories&post=8884"},{"taxonomy":"post_tag","embeddable":true,"href":"http:\/\/kravallslojd.se\/wordpress\/index.php?rest_route=%2Fwp%2Fv2%2Ftags&post=8884"}],"curies":[{"name":"wp","href":"https:\/\/api.w.org\/{rel}","templated":true}]}}