{"id":8892,"date":"2012-09-03T21:35:51","date_gmt":"2012-09-03T20:35:51","guid":{"rendered":"http:\/\/kravallslojd.se\/wordpress\/?p=8892"},"modified":"2012-09-03T21:35:51","modified_gmt":"2012-09-03T20:35:51","slug":"mer-om-utstallningen","status":"publish","type":"post","link":"http:\/\/kravallslojd.se\/wordpress\/?p=8892","title":{"rendered":"&#8230;mer om utst\u00e4llningen"},"content":{"rendered":"<p>Under vernissagen p\u00e5 p\u00e5 onsdag kommer jag \u00e4ven h\u00e5lla ett f\u00f6redrag p\u00e5 temat \u00e5terbruk. Jag kommer prata om milj\u00f6aspekten, materialets v\u00e4sen, min kreativa metod samt mina konstn\u00e4rliga f\u00f6rebilder. H\u00e4r \u00e4r n\u00e5gra ytterligare bilder fr\u00e5n utst\u00e4llningslokalen. Ni f\u00e5r ha \u00f6verseende med den usla bildkvalit\u00e9n.<\/p>\n<p><a href=\"http:\/\/kravallslojd.se\/wordpress\/?attachment_id=8887\"  rel=\"attachment wp-att-8887\"><img decoding=\"async\" loading=\"lazy\" class=\"alignnone size-medium wp-image-8887\" src=\"http:\/\/kravallslojd.se\/wordpress\/wp-content\/uploads\/2012\/09\/skubibl31-270x300.jpg\" alt=\"\" width=\"270\" height=\"300\" \/><\/a><a href=\"http:\/\/kravallslojd.se\/wordpress\/?attachment_id=8888\"  rel=\"attachment wp-att-8888\"><img decoding=\"async\" loading=\"lazy\" class=\"alignnone size-medium wp-image-8888\" src=\"http:\/\/kravallslojd.se\/wordpress\/wp-content\/uploads\/2012\/09\/skubibl-270x300.jpg\" alt=\"\" width=\"270\" height=\"300\" \/><\/a><\/p>\n","protected":false},"excerpt":{"rendered":"<p>Under vernissagen p\u00e5 p\u00e5 onsdag kommer jag \u00e4ven h\u00e5lla ett f\u00f6redrag p\u00e5 temat \u00e5terbruk. Jag kommer prata om milj\u00f6aspekten, materialets v\u00e4sen, min kreativa metod samt mina konstn\u00e4rliga f\u00f6rebilder. H\u00e4r \u00e4r n\u00e5gra ytterligare bilder fr\u00e5n utst\u00e4llningslokalen. Ni f\u00e5r ha \u00f6verseende med den usla bildkvalit\u00e9n.<\/p>\n","protected":false},"author":218,"featured_media":0,"comment_status":"open","ping_status":"open","sticky":false,"template":"","format":"standard","meta":[],"categories":[1032],"tags":[],"_links":{"self":[{"href":"http:\/\/kravallslojd.se\/wordpress\/index.php?rest_route=\/wp\/v2\/posts\/8892"}],"collection":[{"href":"http:\/\/kravallslojd.se\/wordpress\/index.php?rest_route=\/wp\/v2\/posts"}],"about":[{"href":"http:\/\/kravallslojd.se\/wordpress\/index.php?rest_route=\/wp\/v2\/types\/post"}],"author":[{"embeddable":true,"href":"http:\/\/kravallslojd.se\/wordpress\/index.php?rest_route=\/wp\/v2\/users\/218"}],"replies":[{"embeddable":true,"href":"http:\/\/kravallslojd.se\/wordpress\/index.php?rest_route=%2Fwp%2Fv2%2Fcomments&post=8892"}],"version-history":[{"count":2,"href":"http:\/\/kravallslojd.se\/wordpress\/index.php?rest_route=\/wp\/v2\/posts\/8892\/revisions"}],"predecessor-version":[{"id":8894,"href":"http:\/\/kravallslojd.se\/wordpress\/index.php?rest_route=\/wp\/v2\/posts\/8892\/revisions\/8894"}],"wp:attachment":[{"href":"http:\/\/kravallslojd.se\/wordpress\/index.php?rest_route=%2Fwp%2Fv2%2Fmedia&parent=8892"}],"wp:term":[{"taxonomy":"category","embeddable":true,"href":"http:\/\/kravallslojd.se\/wordpress\/index.php?rest_route=%2Fwp%2Fv2%2Fcategories&post=8892"},{"taxonomy":"post_tag","embeddable":true,"href":"http:\/\/kravallslojd.se\/wordpress\/index.php?rest_route=%2Fwp%2Fv2%2Ftags&post=8892"}],"curies":[{"name":"wp","href":"https:\/\/api.w.org\/{rel}","templated":true}]}}