{"id":8901,"date":"2012-09-05T19:57:15","date_gmt":"2012-09-05T18:57:15","guid":{"rendered":"http:\/\/kravallslojd.se\/wordpress\/?p=8901"},"modified":"2012-09-05T19:57:15","modified_gmt":"2012-09-05T18:57:15","slug":"post-project-syndrom","status":"publish","type":"post","link":"http:\/\/kravallslojd.se\/wordpress\/?p=8901","title":{"rendered":"Post project syndrom"},"content":{"rendered":"<p>Nu \u00e4r vernissagen \u00f6ver och jag har h\u00e5llit mitt f\u00f6redrag om \u00e5terbruk. Jag vet inte riktigt om jag k\u00e4nner mig n\u00f6jd med min insats eller ej. Fick jag sagt det jag ville s\u00e4ga? F\u00f6rstod \u00e5h\u00f6rarna vad jag sa? Var inneh\u00e5llet relevant?<br \/>\nIbland k\u00e4ndes det som om jag bara trasslade in mig i mina egna resonemang och inte riktigt kunde komma \u00e5t den sk pudelns k\u00e4rna. Det var emellertid en f\u00f6rst\u00e5ende publik som verkade anstr\u00e4nga sig att f\u00f6rst\u00e5.\u00a0Flera kom fram till mig efter\u00e5t som verkade ha uppskattat det hela i alla fall. Det k\u00e4ndes bra&#8230;<\/p>\n<p>Nu n\u00e4r jag \u00e4r hemma och min k\u00e4ra fru har tagit p\u00e5 sig att natta barnen kan jag dock k\u00e4nna den d\u00e4r tomheten som ofta infinner sig n\u00e4r man har avslutat n\u00e5got som har upptagit en stor del av tankeverksamheten under en l\u00e4ngre tid &#8211; det sk<em> post project syndrom.<\/em> Allt \u00e4r \u00f6ver &#8211; inget g\u00e5r att \u00e4ndra p\u00e5 &#8211; kom p\u00e5 n\u00e5t nytt eller l\u00e4gg ner allt.<br \/>\nJag undrar vad det beror p\u00e5, varf\u00f6r uppst\u00e5r denna k\u00e4nsla? \u00c4r det f\u00f6r att det s\u00e5 drastiskt bara \u00e4r \u00f6ver, att sj\u00e4lva resultatet \u00e4r s\u00e5 f\u00f6rg\u00e4ngligt? Utst\u00e4llningen varar m\u00e5naden ut men den tid jag hade p\u00e5 mig att f\u00f6rmedla mina tankar \u00e4r \u00f6ver. Det finns ju m\u00e5nga andra kanaler att kommunicera via (h\u00e4r tex) men att tala inf\u00f6r m\u00e4nniskor p\u00e5 riktig \u00e4r ju \u00e4nd\u00e5 lite mer p\u00e5 allvar.<br \/>\nJag ska nog \u00e4nd\u00e5 passa p\u00e5 att f\u00f6rmedla lite av f\u00f6redragets inneh\u00e5ll h\u00e4r i bloggen&#8230;<\/p>\n","protected":false},"excerpt":{"rendered":"<p>Nu \u00e4r vernissagen \u00f6ver och jag har h\u00e5llit mitt f\u00f6redrag om \u00e5terbruk. Jag vet inte riktigt om jag k\u00e4nner mig n\u00f6jd med min insats eller ej. Fick jag sagt det jag ville s\u00e4ga? F\u00f6rstod \u00e5h\u00f6rarna vad jag sa? Var inneh\u00e5llet relevant? Ibland k\u00e4ndes det som om jag bara trasslade in mig i mina egna resonemang [&hellip;]<\/p>\n","protected":false},"author":218,"featured_media":0,"comment_status":"open","ping_status":"open","sticky":false,"template":"","format":"standard","meta":[],"categories":[1032],"tags":[179],"_links":{"self":[{"href":"http:\/\/kravallslojd.se\/wordpress\/index.php?rest_route=\/wp\/v2\/posts\/8901"}],"collection":[{"href":"http:\/\/kravallslojd.se\/wordpress\/index.php?rest_route=\/wp\/v2\/posts"}],"about":[{"href":"http:\/\/kravallslojd.se\/wordpress\/index.php?rest_route=\/wp\/v2\/types\/post"}],"author":[{"embeddable":true,"href":"http:\/\/kravallslojd.se\/wordpress\/index.php?rest_route=\/wp\/v2\/users\/218"}],"replies":[{"embeddable":true,"href":"http:\/\/kravallslojd.se\/wordpress\/index.php?rest_route=%2Fwp%2Fv2%2Fcomments&post=8901"}],"version-history":[{"count":3,"href":"http:\/\/kravallslojd.se\/wordpress\/index.php?rest_route=\/wp\/v2\/posts\/8901\/revisions"}],"predecessor-version":[{"id":8904,"href":"http:\/\/kravallslojd.se\/wordpress\/index.php?rest_route=\/wp\/v2\/posts\/8901\/revisions\/8904"}],"wp:attachment":[{"href":"http:\/\/kravallslojd.se\/wordpress\/index.php?rest_route=%2Fwp%2Fv2%2Fmedia&parent=8901"}],"wp:term":[{"taxonomy":"category","embeddable":true,"href":"http:\/\/kravallslojd.se\/wordpress\/index.php?rest_route=%2Fwp%2Fv2%2Fcategories&post=8901"},{"taxonomy":"post_tag","embeddable":true,"href":"http:\/\/kravallslojd.se\/wordpress\/index.php?rest_route=%2Fwp%2Fv2%2Ftags&post=8901"}],"curies":[{"name":"wp","href":"https:\/\/api.w.org\/{rel}","templated":true}]}}