{"id":9283,"date":"2012-10-15T21:25:09","date_gmt":"2012-10-15T20:25:09","guid":{"rendered":"http:\/\/kravallslojd.se\/wordpress\/?p=9283"},"modified":"2012-10-15T21:25:09","modified_gmt":"2012-10-15T20:25:09","slug":"javla-cupcake-hysteri","status":"publish","type":"post","link":"http:\/\/kravallslojd.se\/wordpress\/?p=9283","title":{"rendered":"J\u00e4vla cupcake-hysteri"},"content":{"rendered":"<p>Jag har ocks\u00e5 hamnat i f\u00e4llan&#8230;.tv\u00e5 g\u00e5nger!<\/p>\n<p>Tjejer idag (jaja, jag vet att jag generaliserar, jag f\u00e5r lov till det, f\u00f6r jag \u00e4r genusmedveten \u00e4nd\u00e5) bakar lyxiga cupcakes, med vanillafrosting och sugarpastefigurer (som man sj\u00e4lvklart gjort alldeles sj\u00e4lv), snor l\u00e4tt ihop en kolafudgesmet, g\u00f6r egen sylt och h\u00e5ller det dessutom skinande rent hemma samtidigt. OCH; n\u00e4r man sedan gjort de fina sm\u00e5 cupcakes med rosor i tre olika f\u00e4rger som garnityr, och placerat dem varsamt i bl\u00e5-prickiga muffinsformar k\u00f6pta p\u00e5 en liten j\u00e4vla shabby-shic-butik i innerstan, st\u00e4dat undan allt, t\u00e4nt ett ljus, h\u00e4llt upp en kopp te, ja &#8211; d\u00e5 \u00e5terst\u00e5r bara finalen. POST IT ON FACEBOOK!<\/p>\n<p><a href=\"http:\/\/kravallslojd.se\/wordpress\/?attachment_id=9286\"  rel=\"attachment wp-att-9286\"><img decoding=\"async\" loading=\"lazy\" class=\"size-medium wp-image-9286\" src=\"http:\/\/kravallslojd.se\/wordpress\/wp-content\/uploads\/2012\/10\/cupcake1-300x254.jpg\" alt=\"\" width=\"300\" height=\"254\" \/><\/a><\/p>\n<p>Been there done that (som os\u00e4kra m\u00e4nniskor brukar s\u00e4ga n\u00e4r de vill verka h\u00e4ftiga och v\u00e4rldsvana). Men faktiskt. Jag har sj\u00e4lv hamnat i denna wanna-be-husmors-f\u00e4lla. TV\u00c5 g\u00e5nger. Cupcakesf\u00e4llan slank jag ner i s\u00e5d\u00e4r kring jul tror jag (varf\u00f6r bakade jag annars pepparkaksmuffins med lingonfrosting?) T\u00e5rtf\u00e4llan strax d\u00e4refter d\u00e5 min dotter fyllde \u00e5r. \u00c4ven om jag m\u00e5ste erk\u00e4nna att jag inte bakade t\u00e5rtan, det gjorde min goda moder. Jag garnerade t\u00e5rtan. Och det v\u00e4rsta var ju att det inte fanns n\u00e5n hejd p\u00e5 det. Jag gick verkligen b\u00e4rs\u00e4rk med alla silverkulor, chokladbokst\u00e4ver och gr\u00f6n gel\u00e9. Men jag nj\u00f6t av det, jag fick n\u00e5gon slags inre ro och tillfredst\u00e4llelse. Det var en fin t\u00e5rta.<\/p>\n<p>Varf\u00f6r?<\/p>\n<p>Jo, f\u00f6r att hemmafru-idealet \u00e4r h\u00e4r f\u00f6r att stanna. Och jag hatar det. Men jag \u00e4r som alla andra, en individ i ett socialt konstruerat samh\u00e4lle. Jag kan inte v\u00e4rja mig. \u00c4ven om jag f\u00f6rs\u00f6ker. Jag har dock inget emot sj\u00e4lva bakningen, eller rullandet av marsipanrosor. Det \u00e4r att offentligag\u00f6ra det som jag tycker \u00e4r suspekt&#8230;<\/p>\n<p>Magnus Betn\u00e9r p\u00e5pekar det paradoxala i hela cupcake-facebook-fenomenet i sin stand-up-show, och han gjorde det s\u00e5 genialt, att jag d\u00e4refter b\u00f6rjade t\u00e4nka mer och mer p\u00e5 det. Och som sagt, nu har jag tr\u00f6ttnat. Han sa typ s\u00e5 h\u00e4r (\u00e5h, vad jag f\u00f6rresten b\u00f6rjar komma in i blogg-snacket nu); &#8221;De som klagar mest \u00f6ver att de inte f\u00e5r ihop livspusslet, \u00e4r just de som hinner baka cup-cakes OCH l\u00e4gga ut det p\u00e5 Facebook.&#8221; Sant.<\/p>\n<p>Nu ska jag \u00e5terg\u00e5 till livspusslet. \u00c4mnet hemmafru-idealet \u00e4r f\u00f6rresten inte avverkat \u00e4n. Fler arg-bigge-inl\u00e4gg kommer.<\/p>\n<p><a href=\"http:\/\/kravallslojd.se\/wordpress\/?attachment_id=9285\"  rel=\"attachment wp-att-9285\"><img decoding=\"async\" loading=\"lazy\" class=\"size-medium wp-image-9285\" src=\"http:\/\/kravallslojd.se\/wordpress\/wp-content\/uploads\/2012\/10\/t\u00e5rta_ny-300x255.jpg\" alt=\"\" width=\"300\" height=\"255\" \/><\/a><\/p>\n<p>&nbsp;<\/p>\n","protected":false},"excerpt":{"rendered":"<p>Jag har ocks\u00e5 hamnat i f\u00e4llan&#8230;.tv\u00e5 g\u00e5nger! Tjejer idag (jaja, jag vet att jag generaliserar, jag f\u00e5r lov till det, f\u00f6r jag \u00e4r genusmedveten \u00e4nd\u00e5) bakar lyxiga cupcakes, med vanillafrosting och sugarpastefigurer (som man sj\u00e4lvklart gjort alldeles sj\u00e4lv), snor l\u00e4tt ihop en kolafudgesmet, g\u00f6r egen sylt och h\u00e5ller det dessutom skinande rent hemma samtidigt. OCH; [&hellip;]<\/p>\n","protected":false},"author":224,"featured_media":9286,"comment_status":"open","ping_status":"open","sticky":false,"template":"","format":"standard","meta":[],"categories":[1103],"tags":[179,1108,775,557],"_links":{"self":[{"href":"http:\/\/kravallslojd.se\/wordpress\/index.php?rest_route=\/wp\/v2\/posts\/9283"}],"collection":[{"href":"http:\/\/kravallslojd.se\/wordpress\/index.php?rest_route=\/wp\/v2\/posts"}],"about":[{"href":"http:\/\/kravallslojd.se\/wordpress\/index.php?rest_route=\/wp\/v2\/types\/post"}],"author":[{"embeddable":true,"href":"http:\/\/kravallslojd.se\/wordpress\/index.php?rest_route=\/wp\/v2\/users\/224"}],"replies":[{"embeddable":true,"href":"http:\/\/kravallslojd.se\/wordpress\/index.php?rest_route=%2Fwp%2Fv2%2Fcomments&post=9283"}],"version-history":[{"count":5,"href":"http:\/\/kravallslojd.se\/wordpress\/index.php?rest_route=\/wp\/v2\/posts\/9283\/revisions"}],"predecessor-version":[{"id":9291,"href":"http:\/\/kravallslojd.se\/wordpress\/index.php?rest_route=\/wp\/v2\/posts\/9283\/revisions\/9291"}],"wp:featuredmedia":[{"embeddable":true,"href":"http:\/\/kravallslojd.se\/wordpress\/index.php?rest_route=\/wp\/v2\/media\/9286"}],"wp:attachment":[{"href":"http:\/\/kravallslojd.se\/wordpress\/index.php?rest_route=%2Fwp%2Fv2%2Fmedia&parent=9283"}],"wp:term":[{"taxonomy":"category","embeddable":true,"href":"http:\/\/kravallslojd.se\/wordpress\/index.php?rest_route=%2Fwp%2Fv2%2Fcategories&post=9283"},{"taxonomy":"post_tag","embeddable":true,"href":"http:\/\/kravallslojd.se\/wordpress\/index.php?rest_route=%2Fwp%2Fv2%2Ftags&post=9283"}],"curies":[{"name":"wp","href":"https:\/\/api.w.org\/{rel}","templated":true}]}}