{"id":97,"date":"2007-06-12T19:55:13","date_gmt":"2007-06-12T17:55:13","guid":{"rendered":"http:\/\/kravallslojd.se\/bloggen\/?p=127"},"modified":"2007-06-12T19:55:13","modified_gmt":"2007-06-12T17:55:13","slug":"eftermiddags-tur","status":"publish","type":"post","link":"http:\/\/kravallslojd.se\/wordpress\/?p=97","title":{"rendered":"Eftermiddags tur."},"content":{"rendered":"<p><span style=\"font-size: 10pt; font-family: 'Verdana','sans-serif'\" lang=\"SV\"><img decoding=\"async\" loading=\"lazy\" width=\"422\" src=\"http:\/\/kravallslojd.se\/bloggen\/wp-content\/uploads\/2007\/06\/vygamlia2.jpg\" alt=\"Utsikt fr\u00e5n Gammlia.\" height=\"139\" style=\"width: 422px; height: 139px\" \/><\/p>\n<p><\/span><span style=\"font-size: 10pt; font-family: 'Verdana','sans-serif'\" lang=\"SV\">Efter dagens f\u00f6rv\u00e4rvsarbete som lokalv\u00e5rdare tog jag mig en tur till V\u00e4sterbottens museum p\u00e5 Gammlia. Tanken var att skaffa information om vad som kommer att h\u00e4nda d\u00e4r i sommar. Jag tror inte att det var meningen att jag skulle \u00e5ka dit f\u00f6r bara n\u00e5gra minuter efter att jag kommit in p\u00e5 museet g\u00e5r brandlarmet.<br \/>\nStod en stund utanf\u00f6r och kikade p\u00e5 barnfamiljernas bestyr i att h\u00e5lla ordning p\u00e5 sina \u00f6verlyckliga barn.<span style=\"font-size: 10pt; font-family: 'Verdana','sans-serif'\" lang=\"SV\"><img decoding=\"async\" loading=\"lazy\" width=\"468\" src=\"http:\/\/kravallslojd.se\/bloggen\/wp-content\/uploads\/2007\/06\/brandbil1.jpg\" alt=\"Brandbil\" height=\"278\" style=\"width: 468px; height: 278px\" \/><\/span><\/span><span style=\"font-size: 10pt; font-family: 'Verdana','sans-serif'\" lang=\"SV\">Jag strosade runt inne p\u00e5 g\u00e5rdstunet p\u00e5 friluftsmuseet och drog in doften av nytj\u00e4rad grindpost.<br \/>\nN\u00e4r jag kom tillbaka till bilen sitter tre personer p\u00e5 huk i en ring, en av dem min chef fr\u00e5n f\u00f6rra sommaren. I mitten av ringen ligger en livl\u00f6s katt som precis har blivit \u00f6verk\u00f6rd.<br \/>\nUndrar om det \u00e4r meningen att jag ska jobba i morgon.<br \/>\n\/Veronica.<\/p>\n<p><\/span><\/p>\n","protected":false},"excerpt":{"rendered":"<p>Efter dagens f\u00f6rv\u00e4rvsarbete som lokalv\u00e5rdare tog jag mig en tur till V\u00e4sterbottens museum p\u00e5 Gammlia. Tanken var att skaffa information om vad som kommer att h\u00e4nda d\u00e4r i sommar. Jag tror inte att det var meningen att jag skulle \u00e5ka dit f\u00f6r bara n\u00e5gra minuter efter att jag kommit in p\u00e5 museet g\u00e5r brandlarmet. Stod [&hellip;]<\/p>\n","protected":false},"author":19,"featured_media":0,"comment_status":"open","ping_status":"closed","sticky":false,"template":"","format":"standard","meta":[],"categories":[92],"tags":[],"_links":{"self":[{"href":"http:\/\/kravallslojd.se\/wordpress\/index.php?rest_route=\/wp\/v2\/posts\/97"}],"collection":[{"href":"http:\/\/kravallslojd.se\/wordpress\/index.php?rest_route=\/wp\/v2\/posts"}],"about":[{"href":"http:\/\/kravallslojd.se\/wordpress\/index.php?rest_route=\/wp\/v2\/types\/post"}],"author":[{"embeddable":true,"href":"http:\/\/kravallslojd.se\/wordpress\/index.php?rest_route=\/wp\/v2\/users\/19"}],"replies":[{"embeddable":true,"href":"http:\/\/kravallslojd.se\/wordpress\/index.php?rest_route=%2Fwp%2Fv2%2Fcomments&post=97"}],"version-history":[{"count":0,"href":"http:\/\/kravallslojd.se\/wordpress\/index.php?rest_route=\/wp\/v2\/posts\/97\/revisions"}],"wp:attachment":[{"href":"http:\/\/kravallslojd.se\/wordpress\/index.php?rest_route=%2Fwp%2Fv2%2Fmedia&parent=97"}],"wp:term":[{"taxonomy":"category","embeddable":true,"href":"http:\/\/kravallslojd.se\/wordpress\/index.php?rest_route=%2Fwp%2Fv2%2Fcategories&post=97"},{"taxonomy":"post_tag","embeddable":true,"href":"http:\/\/kravallslojd.se\/wordpress\/index.php?rest_route=%2Fwp%2Fv2%2Ftags&post=97"}],"curies":[{"name":"wp","href":"https:\/\/api.w.org\/{rel}","templated":true}]}}