{"id":1003,"date":"2008-11-24T09:56:29","date_gmt":"2008-11-24T07:56:29","guid":{"rendered":"http:\/\/kravallslojd.se\/bloggs2\/?p=1003"},"modified":"2008-11-24T09:56:29","modified_gmt":"2008-11-24T07:56:29","slug":"snalla-barn-far-vanta-tills-det-ingenting-far","status":"publish","type":"post","link":"https:\/\/kravallslojd.se\/wordpress\/?p=1003","title":{"rendered":"Sn\u00e4lla barn f\u00e5r v\u00e4nta tills det ingenting f\u00e5r"},"content":{"rendered":"<p class=\"MsoNormal\" style=\"0cm 0cm 10pt;\"><span style=\"SV;\" lang=\"SV\">M\u00e5ndag,<\/span><\/p>\n<p class=\"MsoNormal\" style=\"0cm 0cm 10pt;\"><span style=\"SV;\" lang=\"SV\">Om du har en s\u00e5n d\u00e4r fysisk kalender, som jag har, s\u00e5 kanske din ocks\u00e5 inneh\u00e5ller sm\u00e5 f\u00f6rnumstigheter som n\u00e4stan aldrig f\u00f6r\u00e4ndrar ditt liv. Den h\u00e4r veckan l\u00e4ser jag; <em>sn\u00e4lla barn f\u00e5r v\u00e4nta tills det ingenting f\u00e5r. <\/em>Ovanligt t\u00e4nkv\u00e4rt. Ingen f\u00f6rfattare angiven. Sj\u00e4lv kontrar jag denna m\u00e5ndag med; <em>det \u00e4r aldrig f\u00f6r sent att f\u00e5\/ha en lycklig barndom<\/em> (Tom Robbins). En absolut sanning. <\/span><\/p>\n<p class=\"MsoNormal\" style=\"0cm 0cm 10pt;\"><span style=\"SV;\" lang=\"SV\">Under veckan t\u00e4nker jag bl.a.\u00a0skriva om\u00a0hantverksfenomen som Johan Str\u00f6m, Masquerade, Iskyrkan i Jukkasj\u00e4rvi, Stig Lindberg, Inga Stina Landstr\u00f6m, Daniel Norgren, \u00c5sa Nelvin, Knitting factory\u2026Om du tycker att musik inspirerar i ditt dagliga hantverk s\u00e5 koppla upp dig p\u00e5 <\/span><a target=\"_blank\" href=\"http:\/\/deezer.com\/\" ><span style=\"SV;\" lang=\"SV\"><span style=\"#0000ff;\">http:\/\/deezer.com<\/span><\/span><\/a><span style=\"SV;\" lang=\"SV\"> , en helt oslagbar str\u00f6mmande musikplats, gratis, europeisk (fransk) och utan gr\u00e4nser.<\/span><\/p>\n<p class=\"MsoNormal\" style=\"0cm 0cm 10pt;\"><span style=\"SV;\" lang=\"SV\">Visst, det \u00e4r r\u00e4tt kallt och vintrigt idag, s\u00e5 varf\u00f6r inte b\u00f6rja med Iskyrkan i Jukkasj\u00e4rvi. \u00d6ppen fr\u00e5n juldagen till p\u00e5sk f\u00f6r att sen rinna ut i Torne\u00e4lv. \u00c4r det inte s\u00e5 fruktansv\u00e4rt poetiskt?\u00a0\u00d6ppen fr\u00e5n juldagen till p\u00e5sk f\u00f6r att sen rinna ut i Torne\u00e4lv. Som konstn\u00e4ren som skapade p\u00e5 stranden, innan tidvattnet kom. \u00c5rets iskyrka \u00e4r en rundkyrka med stor kupol och sidorundg\u00e5ng med absider. <em>Kyrkans tema \u00e4r skapelse genom v\u00e4xtlighet i Livsv\u00e4ven , Livstr\u00e4det och Omfalos; jordens mittpunkt och navel. H\u00e4r finns det vilda och <\/em><\/span><span style=\"SV;\" lang=\"SV\"><em>det formade, natur och kultur, ljus och dunkelhet, det \u00f6ppna och det f\u00f6rdolda<\/em>. S\u00e5 beskriver Lena Kristr\u00f6m, PeO Kulin, Ragnhild Brodow och Inge Sandelius sitt verk.<\/span><\/p>\n<p class=\"MsoNormal\" style=\"0cm 0cm 10pt;\"><span style=\"SV;\" lang=\"SV\"><a href=\"http:\/\/kravallslojd.se\/bloggs2\/wp-content\/uploads\/2008\/11\/icechurch.jpg\" ><img decoding=\"async\" loading=\"lazy\" class=\"alignnone size-medium wp-image-1004\" src=\"http:\/\/kravallslojd.se\/bloggs2\/wp-content\/uploads\/2008\/11\/icechurch-300x152.jpg\" alt=\"\" width=\"300\" height=\"152\" \/><\/a><\/span><\/p>\n<p class=\"MsoNormal\" style=\"0cm 0cm 10pt;\"><span style=\"SV;\" lang=\"SV\">N\u00e4mnde jag att hur mycket jag gillar Kravallsl\u00f6jd? Jag \u00e5terkommer till det.<\/span><\/p>\n<p class=\"MsoNormal\" style=\"0cm 0cm 10pt;\"><span style=\"SV;\" lang=\"SV\">Allt gott,<\/span><\/p>\n<p class=\"MsoNormal\" style=\"0cm 0cm 10pt;\"><span style=\"SV;\" lang=\"SV\">Ulf Kjell G\u00fcr<a href=\"http:\/\/kravallslojd.se\/bloggs2\/wp-content\/uploads\/2008\/11\/icechurch.jpg\" ><\/a><\/span><\/p>\n","protected":false},"excerpt":{"rendered":"<p>M\u00e5ndag, Om du har en s\u00e5n d\u00e4r fysisk kalender, som jag har, s\u00e5 kanske din ocks\u00e5 inneh\u00e5ller sm\u00e5 f\u00f6rnumstigheter som n\u00e4stan aldrig f\u00f6r\u00e4ndrar ditt liv. Den h\u00e4r veckan l\u00e4ser jag; sn\u00e4lla barn f\u00e5r v\u00e4nta tills det ingenting f\u00e5r. Ovanligt t\u00e4nkv\u00e4rt. Ingen f\u00f6rfattare angiven. Sj\u00e4lv kontrar jag denna m\u00e5ndag med; det \u00e4r aldrig f\u00f6r sent att [&hellip;]<\/p>\n","protected":false},"author":1,"featured_media":0,"comment_status":"open","ping_status":"open","sticky":false,"template":"","format":"standard","meta":[],"categories":[89],"tags":[],"_links":{"self":[{"href":"https:\/\/kravallslojd.se\/wordpress\/index.php?rest_route=\/wp\/v2\/posts\/1003"}],"collection":[{"href":"https:\/\/kravallslojd.se\/wordpress\/index.php?rest_route=\/wp\/v2\/posts"}],"about":[{"href":"https:\/\/kravallslojd.se\/wordpress\/index.php?rest_route=\/wp\/v2\/types\/post"}],"author":[{"embeddable":true,"href":"https:\/\/kravallslojd.se\/wordpress\/index.php?rest_route=\/wp\/v2\/users\/1"}],"replies":[{"embeddable":true,"href":"https:\/\/kravallslojd.se\/wordpress\/index.php?rest_route=%2Fwp%2Fv2%2Fcomments&post=1003"}],"version-history":[{"count":1,"href":"https:\/\/kravallslojd.se\/wordpress\/index.php?rest_route=\/wp\/v2\/posts\/1003\/revisions"}],"predecessor-version":[{"id":1005,"href":"https:\/\/kravallslojd.se\/wordpress\/index.php?rest_route=\/wp\/v2\/posts\/1003\/revisions\/1005"}],"wp:attachment":[{"href":"https:\/\/kravallslojd.se\/wordpress\/index.php?rest_route=%2Fwp%2Fv2%2Fmedia&parent=1003"}],"wp:term":[{"taxonomy":"category","embeddable":true,"href":"https:\/\/kravallslojd.se\/wordpress\/index.php?rest_route=%2Fwp%2Fv2%2Fcategories&post=1003"},{"taxonomy":"post_tag","embeddable":true,"href":"https:\/\/kravallslojd.se\/wordpress\/index.php?rest_route=%2Fwp%2Fv2%2Ftags&post=1003"}],"curies":[{"name":"wp","href":"https:\/\/api.w.org\/{rel}","templated":true}]}}