{"id":1021,"date":"2008-12-01T15:03:35","date_gmt":"2008-12-01T13:03:35","guid":{"rendered":"http:\/\/kravallslojd.se\/bloggs2\/?p=1021"},"modified":"2008-12-01T15:03:35","modified_gmt":"2008-12-01T13:03:35","slug":"salja-eller-inte-salja","status":"publish","type":"post","link":"https:\/\/kravallslojd.se\/wordpress\/?p=1021","title":{"rendered":"S\u00e4lja eller inte s\u00e4lja&#8230;"},"content":{"rendered":"<p><!--StartFragment--><\/p>\n<p class=\"MsoNormal\"><span>Jag \u00e4r helt slut efter v\u00e5r julmarknad i helgen.<\/span><\/p>\n<p class=\"MsoNormal\"><span>Jag trodde aldrig att det skulle komma n\u00e5gra f\u00f6rutom nyfikna grannar och min mamma som hade lovat att komma men n\u00e4r det v\u00e4l var dags kom den ena efter den andra. Det visade sig att Mitt i och DN p\u00e5 stan hade skrivit in ett inl\u00e4gg utan att vi hade n\u00e5gon aning.<\/span><\/p>\n<p class=\"MsoNormal\"><span>Det blev lyckat och j\u00e4ttekul. Vi kommer att g\u00f6ra om det n\u00e4sta vecka f\u00f6r alla som missade denna helg.<\/span><\/p>\n<p class=\"MsoNormal\"><span>S\u00e5 h\u00e4r lyder inbjudan:<\/span><\/p>\n<p class=\"MsoNormal\"><span>\u00a0<\/span><\/p>\n<p class=\"MsoNormal\"><strong><span>\u00a0<\/span><\/strong><\/p>\n<p class=\"MsoNormal\" align=\"center\"><strong><span>Nu \u00e4r det jul igen<\/span><\/strong><\/p>\n<p class=\"MsoNormal\" align=\"center\"><span>\u00a0<\/span><\/p>\n<p class=\"MsoNormal\" align=\"center\"><span>\u00c4r du tr\u00f6tt p\u00e5 julmarknader med garntomtar och st\u00f6pta ljus?<\/span><\/p>\n<p class=\"MsoNormal\" align=\"center\"><span>\u00a0<\/span><\/p>\n<p class=\"MsoNormal\" align=\"center\"><span>I s\u00e5 fall \u00e4r du varmt v\u00e4lkommen till METALLKOLLEKTIVETS premi\u00e4r och kreativa julmarknad i metallens tecken i genuin hantverksmilj\u00f6. Vi erbjuder f\u00f6rs\u00e4ljning av handgjorda och originella smycken i \u00e4dla material tillverkade av framtidens designers. <\/span><\/p>\n<p class=\"MsoNormal\"><span>\u00a0<\/span><\/p>\n<p class=\"MsoNormal\" align=\"center\"><span>Kom och upplev smyckestillverkning live n\u00e4r vi arbetar i v\u00e5r verkstad under dagen.<span>\u00a0 <\/span><\/span><\/p>\n<p class=\"MsoNormal\"><span>\u00a0<\/span><\/p>\n<p class=\"MsoNormal\" align=\"center\"><span>Unik m\u00f6jlighet! Designa ditt eget smycke p\u00e5 plats. Du v\u00e4ljer delarna till smycket som vi sedan monterar medans du v\u00e4ntar. En perfekt julklapp!<\/span><\/p>\n<p class=\"MsoNormal\"><span>\u00a0<\/span><\/p>\n<p class=\"MsoNormal\" align=\"center\"><span>Kom och dela v\u00e5r julst\u00e4mning med gl\u00f6gg, pepparkakor och annat gott.<\/span><\/p>\n<p class=\"MsoNormal\" align=\"center\"><span><span>\u00a0\u00a0 <\/span><\/span><\/p>\n<p class=\"MsoNormal\" align=\"center\"><span>Cash Is King<\/span><\/p>\n<p class=\"MsoNormal\"><span>\u00a0<\/span><\/p>\n<p class=\"MsoNormal\" align=\"center\"><span>METALLKOLLEKTIVET best\u00e5r av unga silver och guldsmeder verksamma i Gubb\u00e4ngen.<\/span><\/p>\n<p class=\"MsoNormal\" align=\"center\"><span>\u00a0<\/span><\/p>\n<p class=\"MsoNormal\" align=\"center\"><span>\u00a0<\/span><\/p>\n<p class=\"MsoNormal\" align=\"center\"><span>Datum: L\u00f6r 29 &amp; S\u00f6nd 30 November 2008 <\/span><\/p>\n<p class=\"MsoNormal\" align=\"center\"><span>samt L\u00f6r 6 &amp; S\u00f6nd 7 December 2008<\/span><\/p>\n<p class=\"MsoNormal\" align=\"center\"><span>Tid: 12-16<\/span><\/p>\n<p class=\"MsoNormal\" align=\"center\"><span>Plats: Knektv 4, egen ing\u00e5ng fr\u00e5n gaveln, Gubb\u00e4ngen<\/span><\/p>\n<p class=\"MsoNormal\" align=\"center\"><span>\u00c5ka dit: Gr\u00f6na linjen mot Farsta Strand. Utg\u00e5ngen mot centrum. 2 min fr\u00e5n T-banan<\/span><\/p>\n<p class=\"MsoNormal\" align=\"center\"><span>\u00a0<\/span><\/p>\n<p class=\"MsoNormal\" align=\"center\"><span>\u00a0<\/span><\/p>\n<p class=\"MsoNormal\" align=\"center\"><span>Varmt v\u00e4lkomna!<\/span><\/p>\n<p class=\"MsoNormal\" align=\"center\"><span>\u00a0<\/span><\/p>\n<p class=\"MsoNormal\"><span>S\u00e5! Nu har jag gjort reklam.<\/span><\/p>\n<p class=\"MsoNormal\"><span>Vad g\u00f6r men inte f\u00f6r att f\u00e5 mat p\u00e5 bordet o pengar till hyran?<\/span><\/p>\n<p class=\"MsoNormal\"><span>Har jag sl\u00e4ppt min stolthet eller min konstn\u00e4rliga integritet genom att bli s\u00e5 h\u00e4r kommersiell?<\/span><\/p>\n<p class=\"MsoNormal\"><span>Min assistent uttalade att hon inte tyckte om att \u201ds\u00e4ljig\u201d under julmarknaden. Jag gick ig\u00e5ng p\u00e5 det och fr\u00e5gade om hon trodde att jag alltid hade varit s\u00e5h\u00e4r??<\/span><\/p>\n<p class=\"MsoNormal\"><span>Det k\u00e4ndes som v\u00e4rsta f\u00f6rol\u00e4mpningen samtidigt som jag ville l\u00e4xa upp henne och tala om att verkligheten kr\u00e4ver det. Min reaktion skvallrar om att det \u00e4r en \u00f6m punkt som jag sj\u00e4lv borde bearbeta. <\/span><\/p>\n<p class=\"MsoNormal\"><span>Det v\u00e4cktes tv\u00e5 fr\u00e5gor under den h\u00e4r helgen:<\/span><\/p>\n<p class=\"MsoNormal\"><span>Varf\u00f6r k\u00e4nns det fult att f\u00f6rs\u00f6ka s\u00e4lja saker? <\/span><\/p>\n<p class=\"MsoNormal\"><span>\u00c4r det fult att tillverka s\u00e4ljbara saker f\u00f6r att f\u00e5 in pengar om man g\u00f6r grymma grejer vid sidan av?<\/span><\/p>\n<p class=\"MsoNormal\"><span>\u00a0<\/span><\/p>\n<p class=\"MsoNormal\"><span><span>\u00a0\u00a0\u00a0\u00a0\u00a0\u00a0\u00a0\u00a0\u00a0\u00a0\u00a0\u00a0\u00a0\u00a0\u00a0\u00a0\u00a0\u00a0\u00a0\u00a0\u00a0\u00a0\u00a0\u00a0\u00a0\u00a0\u00a0\u00a0\u00a0\u00a0\u00a0\u00a0\u00a0\u00a0\u00a0\u00a0\u00a0\u00a0\u00a0\u00a0\u00a0\u00a0\u00a0\u00a0\u00a0\u00a0\u00a0\u00a0\u00a0\u00a0\u00a0\u00a0 <\/span>\u2026\u2026\u2026\u2026\u2026\u2026\u2026\u2026\u2026\u2026\u2026<\/span><\/p>\n<p class=\"MsoNormal\"><span>\u00a0<\/span><\/p>\n<p class=\"MsoNormal\"><span>\u00a0<\/span><\/p>\n<p class=\"MsoNormal\"><span>Idag fick jag reda p\u00e5 att jag har f\u00e5tt lokalen p\u00e5 Grindsgatan som jag har \u00f6nskat mig.<\/span><\/p>\n<p class=\"MsoNormal\"><span>Den \u00e4r perfekt! Inte s\u00e5 att det \u00e4r en lokal med 10 meter i tak o marmorgolv utan helt perfekt f\u00f6r min verksamhet.<\/span><\/p>\n<p class=\"MsoNormal\"><span>Jag har l\u00e4nge letat efter en lokal med en liten butiksyta och en st\u00f6rre verkstadsyta under markplan f\u00f6r att f\u00e5 ner hyran. Och nu har jag en snart! <\/span><\/p>\n<p class=\"MsoNormal\"><span>Det \u00e4r lustigt eftersom jag hade precis b\u00f6rjat trivas i Gubb\u00e4ngen och finna mig i att ha min verksamhet ute i f\u00f6rorten n\u00e4r min dr\u00f6mlokal d\u00f6k upp.<\/span><\/p>\n<p class=\"MsoNormal\"><span>Det verkar som att \u00f6nskningar f\u00f6rverkligas f\u00f6rst n\u00e4r man har blivit n\u00f6jd och accepterat sin situation.\u00a0<\/span><\/p>\n<p><!--EndFragment--><\/p>\n","protected":false},"excerpt":{"rendered":"<p>Jag \u00e4r helt slut efter v\u00e5r julmarknad i helgen. Jag trodde aldrig att det skulle komma n\u00e5gra f\u00f6rutom nyfikna grannar och min mamma som hade lovat att komma men n\u00e4r det v\u00e4l var dags kom den ena efter den andra. Det visade sig att Mitt i och DN p\u00e5 stan hade skrivit in ett inl\u00e4gg [&hellip;]<\/p>\n","protected":false},"author":14,"featured_media":0,"comment_status":"open","ping_status":"open","sticky":false,"template":"","format":"standard","meta":[],"categories":[85],"tags":[],"_links":{"self":[{"href":"https:\/\/kravallslojd.se\/wordpress\/index.php?rest_route=\/wp\/v2\/posts\/1021"}],"collection":[{"href":"https:\/\/kravallslojd.se\/wordpress\/index.php?rest_route=\/wp\/v2\/posts"}],"about":[{"href":"https:\/\/kravallslojd.se\/wordpress\/index.php?rest_route=\/wp\/v2\/types\/post"}],"author":[{"embeddable":true,"href":"https:\/\/kravallslojd.se\/wordpress\/index.php?rest_route=\/wp\/v2\/users\/14"}],"replies":[{"embeddable":true,"href":"https:\/\/kravallslojd.se\/wordpress\/index.php?rest_route=%2Fwp%2Fv2%2Fcomments&post=1021"}],"version-history":[{"count":1,"href":"https:\/\/kravallslojd.se\/wordpress\/index.php?rest_route=\/wp\/v2\/posts\/1021\/revisions"}],"predecessor-version":[{"id":1022,"href":"https:\/\/kravallslojd.se\/wordpress\/index.php?rest_route=\/wp\/v2\/posts\/1021\/revisions\/1022"}],"wp:attachment":[{"href":"https:\/\/kravallslojd.se\/wordpress\/index.php?rest_route=%2Fwp%2Fv2%2Fmedia&parent=1021"}],"wp:term":[{"taxonomy":"category","embeddable":true,"href":"https:\/\/kravallslojd.se\/wordpress\/index.php?rest_route=%2Fwp%2Fv2%2Fcategories&post=1021"},{"taxonomy":"post_tag","embeddable":true,"href":"https:\/\/kravallslojd.se\/wordpress\/index.php?rest_route=%2Fwp%2Fv2%2Ftags&post=1021"}],"curies":[{"name":"wp","href":"https:\/\/api.w.org\/{rel}","templated":true}]}}