{"id":1023,"date":"2008-12-03T10:18:50","date_gmt":"2008-12-03T08:18:50","guid":{"rendered":"http:\/\/kravallslojd.se\/bloggs2\/?p=1023"},"modified":"2008-12-03T10:18:50","modified_gmt":"2008-12-03T08:18:50","slug":"jag-har-blivit-mainstream","status":"publish","type":"post","link":"https:\/\/kravallslojd.se\/wordpress\/?p=1023","title":{"rendered":"Jag har blivit mainstream"},"content":{"rendered":"<p><!--StartFragment--><\/p>\n<p class=\"MsoNormal\"><span>Jag h\u00e5ller p\u00e5 att renovera min l\u00e4genhet.<\/span><\/p>\n<p class=\"MsoNormal\"><span>Nu har det g\u00e5tt 8 \u00e5r i sedan vi flyttade in i v\u00e5r l\u00e4genhet och jag har f\u00f6rs\u00f6kt byta v\u00e5r hyresr\u00e4tt de senaste \u00e5ren. <\/span><\/p>\n<p class=\"MsoNormal\"><span>Det \u00e4r n\u00e4mligen bara ett rum och vi \u00e4r tre. Jag och mina barn som snart ska bli ton\u00e5ringar.<\/span><\/p>\n<p class=\"MsoNormal\"><span>\u00a0<\/span><\/p>\n<p class=\"MsoNormal\"><span>Jag f\u00f6rst\u00e5r inte varf\u00f6r den \u00e4r s\u00e5 sv\u00e5r att byta. Det ligger centralt och bland s\u00f6ders finaste kvarter. <\/span><\/p>\n<p class=\"MsoNormal\"><span>Det \u00e4r ett \u00e4ldre hus med h\u00f6gt i tak, fiskbensparket o bladibladibla.<\/span><\/p>\n<p class=\"MsoNormal\"><span>\u00a0<\/span><\/p>\n<p class=\"MsoNormal\"><span>Vi kan t\u00e4nka och att bo i f\u00f6rorten men trots alla f\u00f6rs\u00f6k f\u00e5r vi inga napp.<\/span><\/p>\n<p class=\"MsoNormal\"><span>\u00a0<\/span><\/p>\n<p class=\"MsoNormal\"><span>Ett par av mina v\u00e4nner har antytt att jag borde home style-a min l\u00e4genhet. Att mina cerise och turkosa v\u00e4ggar inte g\u00e5r hem hos de flesta.<\/span><\/p>\n<p class=\"MsoNormal\"><span>\u00a0<\/span><\/p>\n<p class=\"MsoNormal\"><span>Jag har v\u00e4grat o tro att v\u00e4ggf\u00e4rger och inredning kan ha s\u00e5 stor betydelse och k\u00e4mpat p\u00e5 utan napp.<\/span><\/p>\n<p class=\"MsoNormal\"><span>Tills nu. <\/span><\/p>\n<p class=\"MsoNormal\"><span>Nu har jag varit hos f\u00e4rghandeln och k\u00f6pt hinkar med vit f\u00e4rg. Jag har \u00e4ven sl\u00e4ngt s\u00e4ckar med saker jag inte l\u00e4ngre har n\u00e5gon betydelse. <\/span><\/p>\n<p class=\"MsoNormal\"><span>\u00a0<\/span><\/p>\n<p class=\"MsoNormal\"><span>Denna utrensningsperiod har f\u00f6rvisso h\u00e5llit p\u00e5 det senaste tv\u00e5 \u00e5ren och mina m\u00e5lade r\u00f6da rosor och turkosa fondv\u00e4gg i k\u00f6ket f\u00f6rvandlades till \u00e4ggskalsvitt redan f\u00f6rra vintern. Den r\u00f6da v\u00e4ggen med vita str\u00e4ck i genomg\u00e5ngsrummet r\u00f6k redan f\u00f6rra sommaren.<\/span><\/p>\n<p class=\"MsoNormal\"><span>Sakta men s\u00e4kert har mina attribut fr\u00e5n mitt gamla jag rensats bort.<\/span><\/p>\n<p class=\"MsoNormal\"><span>\u00a0<\/span><\/p>\n<p class=\"MsoNormal\"><span>N\u00e4r jag v\u00e4l var r\u00e4tt n\u00f6jd med mina framsteg trots mina barns f\u00f6rtvivlan som hatar vita v\u00e4ggar, kom en ny v\u00e4n hem till mig f\u00f6r f\u00f6rsta g\u00e5ngen. <\/span><\/p>\n<p class=\"MsoNormal\"><span>N\u00e4r hon klev in igenom ytterd\u00f6rren gapskrattade hon \u00e5t min \u201dhysteriska hall som s\u00e5g ut som det har varit or\u00f6rt sedan 70-talet\u201d! <\/span><\/p>\n<p class=\"MsoNormal\"><span>Jag fattade ingenting. Vad\u00e5 70-tal?? Jag har aldrig t\u00e4nkt p\u00e5 att inreda i 70-tal!?! <\/span><\/p>\n<p class=\"MsoNormal\"><span>\u00a0<\/span><\/p>\n<p class=\"MsoNormal\"><span>Sedan gick hon runt o kommenterade att jag hade s\u00e5 mycket saker.<\/span><\/p>\n<p class=\"MsoNormal\"><span>Hon har d\u00e5 verkligen inte varit hemma hos mig tidigare!<\/span><\/p>\n<p class=\"MsoNormal\"><span>\u00a0<\/span><\/p>\n<p class=\"MsoNormal\"><span>Well, t\u00e4nkte jag o ins\u00e5g att den sista avtrycken av mitt f\u00f6rflutna m\u00e5ste bort.<\/span><\/p>\n<p class=\"MsoNormal\"><span>\u00a0<\/span><\/p>\n<p class=\"MsoNormal\"><span>Molnv\u00e4ggen i hallen.<\/span><\/p>\n<p class=\"MsoNormal\"><span>\u00a0<\/span><\/p>\n<p class=\"MsoNormal\"><span>Lite vemodigt har jag plockat fram den vita f\u00e4rgen nu.<\/span><\/p>\n<p class=\"MsoNormal\"><span>\u00a0<\/span><\/p>\n<p class=\"MsoNormal\"><span>Min son blev arg p\u00e5 mig som lyssnar s\u00e5 mycket till vad andra s\u00e4ger. <\/span><\/p>\n<p class=\"MsoNormal\"><span>-Bara f\u00f6r att alla andra \u00e4r s\u00e5 j\u00e4vla tr\u00e5kiga och har s\u00e5 d\u00e5lig smak att de vill ha vitt p\u00e5 v\u00e4ggarna beh\u00f6ver v\u00e4l inte vi ha det s\u00e5? Om det var popul\u00e4rt med bara r\u00f6da v\u00e4ggar nu skulle du m\u00e5la v\u00e4ggarna r\u00f6da! Varf\u00f6r ska vi beh\u00f6va bo som alla andra??<\/span><\/p>\n<p class=\"MsoNormal\"><span>\u00a0<\/span><\/p>\n<p class=\"MsoNormal\"><span>Han har r\u00e4tt.<\/span><\/p>\n<p class=\"MsoNormal\"><span>Men vi beh\u00f6ver verkligen f\u00e5 en st\u00f6rre l\u00e4genhet. <\/span><\/p>\n<p class=\"MsoNormal\"><span>Och jag tror kanske att jag har vuxit ifr\u00e5n molnv\u00e4ggen\u2026 Eller har jag bara blivit tr\u00e5kig o mainstream?<\/span><\/p>\n<p class=\"MsoNormal\"><span>\u00a0<\/span><\/p>\n<p class=\"MsoNormal\"><span>\u00a0<\/span><\/p>\n<p><!--EndFragment-->\u00a0<\/p>\n<p><div id=\"attachment_1024\" style=\"width: 310px\" class=\"wp-caption alignnone\"><a href=\"http:\/\/kravallslojd.se\/bloggs2\/wp-content\/uploads\/2008\/12\/moln.gif\" ><img aria-describedby=\"caption-attachment-1024\" decoding=\"async\" loading=\"lazy\" class=\"size-medium wp-image-1024\" src=\"http:\/\/kravallslojd.se\/bloggs2\/wp-content\/uploads\/2008\/12\/moln-300x225.gif\" alt=\"Hej d\u00e5 molnet...\" width=\"300\" height=\"225\" \/><\/a><p id=\"caption-attachment-1024\" class=\"wp-caption-text\">Hej d\u00e5 molnet...<\/p><\/div><\/p>\n","protected":false},"excerpt":{"rendered":"<p>Jag h\u00e5ller p\u00e5 att renovera min l\u00e4genhet. Nu har det g\u00e5tt 8 \u00e5r i sedan vi flyttade in i v\u00e5r l\u00e4genhet och jag har f\u00f6rs\u00f6kt byta v\u00e5r hyresr\u00e4tt de senaste \u00e5ren. Det \u00e4r n\u00e4mligen bara ett rum och vi \u00e4r tre. Jag och mina barn som snart ska bli ton\u00e5ringar. \u00a0 Jag f\u00f6rst\u00e5r inte varf\u00f6r [&hellip;]<\/p>\n","protected":false},"author":14,"featured_media":0,"comment_status":"open","ping_status":"open","sticky":false,"template":"","format":"standard","meta":[],"categories":[85],"tags":[],"_links":{"self":[{"href":"https:\/\/kravallslojd.se\/wordpress\/index.php?rest_route=\/wp\/v2\/posts\/1023"}],"collection":[{"href":"https:\/\/kravallslojd.se\/wordpress\/index.php?rest_route=\/wp\/v2\/posts"}],"about":[{"href":"https:\/\/kravallslojd.se\/wordpress\/index.php?rest_route=\/wp\/v2\/types\/post"}],"author":[{"embeddable":true,"href":"https:\/\/kravallslojd.se\/wordpress\/index.php?rest_route=\/wp\/v2\/users\/14"}],"replies":[{"embeddable":true,"href":"https:\/\/kravallslojd.se\/wordpress\/index.php?rest_route=%2Fwp%2Fv2%2Fcomments&post=1023"}],"version-history":[{"count":1,"href":"https:\/\/kravallslojd.se\/wordpress\/index.php?rest_route=\/wp\/v2\/posts\/1023\/revisions"}],"predecessor-version":[{"id":1025,"href":"https:\/\/kravallslojd.se\/wordpress\/index.php?rest_route=\/wp\/v2\/posts\/1023\/revisions\/1025"}],"wp:attachment":[{"href":"https:\/\/kravallslojd.se\/wordpress\/index.php?rest_route=%2Fwp%2Fv2%2Fmedia&parent=1023"}],"wp:term":[{"taxonomy":"category","embeddable":true,"href":"https:\/\/kravallslojd.se\/wordpress\/index.php?rest_route=%2Fwp%2Fv2%2Fcategories&post=1023"},{"taxonomy":"post_tag","embeddable":true,"href":"https:\/\/kravallslojd.se\/wordpress\/index.php?rest_route=%2Fwp%2Fv2%2Ftags&post=1023"}],"curies":[{"name":"wp","href":"https:\/\/api.w.org\/{rel}","templated":true}]}}