{"id":10373,"date":"2013-05-03T08:48:50","date_gmt":"2013-05-03T07:48:50","guid":{"rendered":"http:\/\/kravallslojd.se\/wordpress\/?p=10373"},"modified":"2013-05-03T08:48:50","modified_gmt":"2013-05-03T07:48:50","slug":"spedetrojor-och-langledigt","status":"publish","type":"post","link":"https:\/\/kravallslojd.se\/wordpress\/?p=10373","title":{"rendered":"Spedetr\u00f6jor och l\u00e5ngledigt"},"content":{"rendered":"<p>Hur roligt det \u00e4n \u00e4r att arbeta med sl\u00f6jd \u00e4r det \u00e4nd\u00e5 v\u00e4ldigt sk\u00f6nt att vara ledig. S\u00e5 idag och ig\u00e5r har jag kompat ut och har l\u00e5ng helg. Vilket betyder att jag \u00e5kt upp till H\u00e4lsingland och mitt barndomshem. H\u00e4r ska vi g\u00e5 lite p\u00e5 loppis, kolla bland mammas mattrasor oja oss \u00f6ver sn\u00f6n som \u00e4r kvar och g\u00e5 p\u00e5 min systers vernissage.<\/p>\n<p>I mitt jobb h\u00e5ller jag annars p\u00e5 att dra i en eventuell spedetr\u00f6jekurs. Den kommer inte att bli av f\u00f6rr\u00e4n till h\u00f6sten med en inspirationsdag och sedan kurs till v\u00e5ren d\u00e5 man kan smycka sin egenstickade spedetr\u00f6ja. Att det kallas spedetr\u00f6ja \u00e4r egentligen bara f\u00f6r att stickat ben\u00e4mndes speda i Sk\u00e5ne. Det som man menar med spedetr\u00f6ja \u00e4r ett sl\u00e4tstickat alster med reliefm\u00f6nster nedtill, p\u00e5 axlarna och i sidorna. De \u00e4r ocks\u00e5 dekorerade mycket vackert fr\u00e4mst kring halslinningen och g\u00e4rna ganska korta. Vill man se en massa vackra spedetr\u00f6jor \u00e4r det bara att s\u00f6ka p\u00e5 spedetr\u00f6ja och bilder, <a target=\"_blank\" href=\"https:\/\/www.google.se\/search?q=spedetr%C3%B6ja&amp;tbm=isch&amp;tbo=u&amp;source=univ&amp;sa=X&amp;ei=EWiDUcfOGKml4ASYtIHoCw&amp;ved=0CC4QsAQ&amp;biw=1440&amp;bih=802\" >eller kolla h\u00e4r<\/a>.<\/p>\n<p>Sj\u00e4lv h\u00e5ller jag p\u00e5 att sticka mig en spedetr\u00f6jsinspireerad tr\u00f6ja. Jag sticka i lite gr\u00f6vre garn \u00e4n brukligt och stickor nr 2,5. Reliefm\u00f6nstret jag anv\u00e4nder mig av \u00e4r fr\u00e5n den klassiska <a target=\"_blank\" href=\"http:\/\/www.flickr.com\/photos\/regn_och_slask\/6100881302\/\" >delsbotr\u00f6jan<\/a>.<\/p>\n<p><a href=\"http:\/\/kravallslojd.se\/wordpress\/wp-content\/uploads\/2013\/05\/spedetr\u00f6ja+delsbo.jpg\" ><img decoding=\"async\" loading=\"lazy\" class=\"alignnone size-medium wp-image-10374 aligncenter\" alt=\"spedetr\u00f6ja+delsbo\" src=\"http:\/\/kravallslojd.se\/wordpress\/wp-content\/uploads\/2013\/05\/spedetr\u00f6ja+delsbo-300x254.jpg\" width=\"300\" height=\"254\" \/><\/a><\/p>\n<p>Fast jag har tagit kantb\u00e5rden och g\u00f6r den som relief ist\u00e4llet f\u00f6r i r\u00f6tt och gr\u00f6nt. N\u00e5gon g\u00e5ng i framtiden ska jag sticka mig en &#8221;riktig&#8221; delsbotr\u00f6ja men f\u00f6r tillf\u00e4llet f\u00e5r jag n\u00f6ja mig med att blanda Sk\u00e5ne och H\u00e4lsingland, precis som vi g\u00f6r i v\u00e5r familj.<\/p>\n","protected":false},"excerpt":{"rendered":"<p>Hur roligt det \u00e4n \u00e4r att arbeta med sl\u00f6jd \u00e4r det \u00e4nd\u00e5 v\u00e4ldigt sk\u00f6nt att vara ledig. S\u00e5 idag och ig\u00e5r har jag kompat ut och har l\u00e5ng helg. Vilket betyder att jag \u00e5kt upp till H\u00e4lsingland och mitt barndomshem. H\u00e4r ska vi g\u00e5 lite p\u00e5 loppis, kolla bland mammas mattrasor oja oss \u00f6ver sn\u00f6n [&hellip;]<\/p>\n","protected":false},"author":238,"featured_media":0,"comment_status":"open","ping_status":"open","sticky":false,"template":"","format":"standard","meta":[],"categories":[1229],"tags":[740,849,1234,743,733],"_links":{"self":[{"href":"https:\/\/kravallslojd.se\/wordpress\/index.php?rest_route=\/wp\/v2\/posts\/10373"}],"collection":[{"href":"https:\/\/kravallslojd.se\/wordpress\/index.php?rest_route=\/wp\/v2\/posts"}],"about":[{"href":"https:\/\/kravallslojd.se\/wordpress\/index.php?rest_route=\/wp\/v2\/types\/post"}],"author":[{"embeddable":true,"href":"https:\/\/kravallslojd.se\/wordpress\/index.php?rest_route=\/wp\/v2\/users\/238"}],"replies":[{"embeddable":true,"href":"https:\/\/kravallslojd.se\/wordpress\/index.php?rest_route=%2Fwp%2Fv2%2Fcomments&post=10373"}],"version-history":[{"count":2,"href":"https:\/\/kravallslojd.se\/wordpress\/index.php?rest_route=\/wp\/v2\/posts\/10373\/revisions"}],"predecessor-version":[{"id":10376,"href":"https:\/\/kravallslojd.se\/wordpress\/index.php?rest_route=\/wp\/v2\/posts\/10373\/revisions\/10376"}],"wp:attachment":[{"href":"https:\/\/kravallslojd.se\/wordpress\/index.php?rest_route=%2Fwp%2Fv2%2Fmedia&parent=10373"}],"wp:term":[{"taxonomy":"category","embeddable":true,"href":"https:\/\/kravallslojd.se\/wordpress\/index.php?rest_route=%2Fwp%2Fv2%2Fcategories&post=10373"},{"taxonomy":"post_tag","embeddable":true,"href":"https:\/\/kravallslojd.se\/wordpress\/index.php?rest_route=%2Fwp%2Fv2%2Ftags&post=10373"}],"curies":[{"name":"wp","href":"https:\/\/api.w.org\/{rel}","templated":true}]}}