{"id":10377,"date":"2013-05-05T16:29:08","date_gmt":"2013-05-05T15:29:08","guid":{"rendered":"http:\/\/kravallslojd.se\/wordpress\/?p=10377"},"modified":"2013-05-05T16:30:47","modified_gmt":"2013-05-05T15:30:47","slug":"sista-inlagget-2","status":"publish","type":"post","link":"https:\/\/kravallslojd.se\/wordpress\/?p=10377","title":{"rendered":"Sista inl\u00e4gget"},"content":{"rendered":"<p><a href=\"http:\/\/kravallslojd.se\/wordpress\/wp-content\/uploads\/2013\/05\/hoppa.jpg\" ><img decoding=\"async\" loading=\"lazy\" class=\"size-medium wp-image-10380 alignleft\" alt=\"hoppa\" src=\"http:\/\/kravallslojd.se\/wordpress\/wp-content\/uploads\/2013\/05\/hoppa-300x277.jpg\" width=\"300\" height=\"277\" \/><\/a><a href=\"http:\/\/kravallslojd.se\/wordpress\/wp-content\/uploads\/2013\/05\/eldh\u00f6g.jpg\"><br \/>\n<\/a><\/p>\n<p>&nbsp;<\/p>\n<p>&nbsp;<\/p>\n<p>&nbsp;<\/p>\n<p>&nbsp;<\/p>\n<p>&nbsp;<\/p>\n<p>&nbsp;<\/p>\n<p>&nbsp;<\/p>\n<p>&nbsp;<\/p>\n<p>&nbsp;<\/p>\n<p>Nu \u00e4r min bloggvecka snart till \u00e4nda. Jag avslutade veckan med att \u00e5ka till H\u00e4lsingland och min barndomsby Bergvik. Mycket f\u00f6r att min beg\u00e5vade syster, Karin \u00d6st, hade vernissage p\u00e5 utst\u00e4llningen <em><a target=\"_blank\" href=\"http:\/\/karinst.wordpress.com\/2013\/05\/02\/bollnas-museum-4maj\/\" >V\u00e4lkbekant obekant<\/a>.\u00a0<\/em>P\u00e5 Bolln\u00e4s konsthall. Utst\u00e4llningen handlar om hur det \u00e4r att vara barn och g\u00e5 i skolan. Och hur det inte alltid \u00e4r s\u00e5 rackarns roligt. N\u00e4r man sitter d\u00e4r med ett berg av torra rivna mor\u00f6tter som bara v\u00e4xer i munnen, alla i klassen har g\u00e5tt och skr\u00e4cken sprider sig i kroppen n\u00e4r man inser att snart, snart kommer treorna (de som doppar i toaletten, och spottar i folks mat).<\/p>\n<p><div id=\"attachment_10378\" style=\"width: 310px\" class=\"wp-caption alignleft\"><a href=\"http:\/\/kravallslojd.se\/wordpress\/wp-content\/uploads\/2013\/05\/draperi.jpg\" ><img aria-describedby=\"caption-attachment-10378\" decoding=\"async\" loading=\"lazy\" class=\"size-medium wp-image-10378 \" alt=\"draperi\" src=\"http:\/\/kravallslojd.se\/wordpress\/wp-content\/uploads\/2013\/05\/draperi-300x235.jpg\" width=\"300\" height=\"235\" \/><\/a><p id=\"caption-attachment-10378\" class=\"wp-caption-text\">Draperiet har hon tryckt p\u00e5 brunt sidentyg och m\u00f6nstret \u00e4r utspilld mj\u00f6lk<\/p><\/div><\/p>\n<p style=\"text-align: left\">\n<p style=\"text-align: left\">\n<p style=\"text-align: left\">\n<p style=\"text-align: left\">\n<p style=\"text-align: left\">\n<p style=\"text-align: left\">\n<p style=\"text-align: left\">\n<p style=\"text-align: left\">\n<p style=\"text-align: left\">\n<p style=\"text-align: left\">\n<p style=\"text-align: left\"><a href=\"http:\/\/kravallslojd.se\/wordpress\/wp-content\/uploads\/2013\/05\/pojkaroskola.jpg\" ><img decoding=\"async\" loading=\"lazy\" class=\"size-medium wp-image-10381\" alt=\"pojkaroskola\" src=\"http:\/\/kravallslojd.se\/wordpress\/wp-content\/uploads\/2013\/05\/pojkaroskola-300x213.jpg\" width=\"300\" height=\"213\" \/><\/a><\/p>\n<p style=\"text-align: left\">Hennes bilder \u00e4r s\u00e4llan fyllda av gl\u00e4djerus snarare av den tomhet man kan uppleva p\u00e5 landsbygden n\u00e4r en ensam moped puttrar f\u00f6rbi p\u00e5 andra sidan \u00e5kern. Alla bilder fr\u00e5n utst\u00e4llningen har jag tagit\u00a0<a target=\"_blank\" href=\"http:\/\/karinst.wordpress.com\/2013\/05\/02\/bollnas-museum-4maj\/\" >h\u00e4rifr\u00e5n<\/a>.<\/p>\n<p style=\"text-align: left\">Hade en tanke om att hinna rota runt i mammas mattrash\u00f6gar. Men tji fick jag, tiden gick alldeles f\u00f6r fort och som vanligt hann jag inte en fj\u00e4rdedel av det jag trodde jag skulle hinna. Fast en stor h\u00f6g med ris och b\u00f6s eldade jag \u00e4nd\u00e5 upp.<\/p>\n<p style=\"text-align: left\"><a href=\"http:\/\/kravallslojd.se\/wordpress\/wp-content\/uploads\/2013\/05\/eldh\u00f6g.jpg\" ><img decoding=\"async\" loading=\"lazy\" class=\"size-medium wp-image-10379\" alt=\"eldh\u00f6g\" src=\"http:\/\/kravallslojd.se\/wordpress\/wp-content\/uploads\/2013\/05\/eldh\u00f6g-201x300.jpg\" width=\"201\" height=\"300\" \/><\/a><\/p>\n<p style=\"text-align: left\">Ocks\u00e5 fick jag v\u00e4xter av min mamma och syster. Rabarber, libbsticka, isop, k\u00f6rvel, mal\u00f6rt, pimpinella och n\u00e5tt mer som jag gr\u00e4vt ner men gl\u00f6mt namnet p\u00e5.<\/p>\n<p style=\"text-align: left\"><a href=\"http:\/\/kravallslojd.se\/wordpress\/wp-content\/uploads\/2013\/05\/rabarber.jpg\" ><img decoding=\"async\" loading=\"lazy\" class=\"size-medium wp-image-10382\" alt=\"rabarber\" src=\"http:\/\/kravallslojd.se\/wordpress\/wp-content\/uploads\/2013\/05\/rabarber-201x300.jpg\" width=\"201\" height=\"300\" \/><\/a><\/p>\n<p style=\"text-align: left\">Som en avslutning p\u00e5 den h\u00e4r veckan st\u00e4dade jag altanen och lade ut mormorsrutemattan jag virkat p\u00e5 den.<\/p>\n<p style=\"text-align: left\"><a href=\"http:\/\/kravallslojd.se\/wordpress\/wp-content\/uploads\/2013\/05\/ute.jpg\" ><img decoding=\"async\" loading=\"lazy\" class=\"size-medium wp-image-10383\" alt=\"ute\" src=\"http:\/\/kravallslojd.se\/wordpress\/wp-content\/uploads\/2013\/05\/ute-202x300.jpg\" width=\"202\" height=\"300\" \/><\/a><\/p>\n<p style=\"text-align: left\">Nu ska det grillas fisk och ni f\u00e5r g\u00e4rna kolla in p\u00e5 min egentliga blogg <a target=\"_blank\" href=\"http:\/\/annalisapersson.wordpress.com\/\" >Fr\u00f6ken textil<\/a>. D\u00e4r jag forts\u00e4tter att skriva oftast med textil i fokus.<\/p>\n<p>&nbsp;<\/p>\n","protected":false},"excerpt":{"rendered":"<p>&nbsp; &nbsp; &nbsp; &nbsp; &nbsp; &nbsp; &nbsp; &nbsp; &nbsp; Nu \u00e4r min bloggvecka snart till \u00e4nda. Jag avslutade veckan med att \u00e5ka till H\u00e4lsingland och min barndomsby Bergvik. Mycket f\u00f6r att min beg\u00e5vade syster, Karin \u00d6st, hade vernissage p\u00e5 utst\u00e4llningen V\u00e4lkbekant obekant.\u00a0P\u00e5 Bolln\u00e4s konsthall. Utst\u00e4llningen handlar om hur det \u00e4r att vara barn och g\u00e5 [&hellip;]<\/p>\n","protected":false},"author":238,"featured_media":0,"comment_status":"open","ping_status":"open","sticky":false,"template":"","format":"standard","meta":[],"categories":[1229],"tags":[],"_links":{"self":[{"href":"https:\/\/kravallslojd.se\/wordpress\/index.php?rest_route=\/wp\/v2\/posts\/10377"}],"collection":[{"href":"https:\/\/kravallslojd.se\/wordpress\/index.php?rest_route=\/wp\/v2\/posts"}],"about":[{"href":"https:\/\/kravallslojd.se\/wordpress\/index.php?rest_route=\/wp\/v2\/types\/post"}],"author":[{"embeddable":true,"href":"https:\/\/kravallslojd.se\/wordpress\/index.php?rest_route=\/wp\/v2\/users\/238"}],"replies":[{"embeddable":true,"href":"https:\/\/kravallslojd.se\/wordpress\/index.php?rest_route=%2Fwp%2Fv2%2Fcomments&post=10377"}],"version-history":[{"count":5,"href":"https:\/\/kravallslojd.se\/wordpress\/index.php?rest_route=\/wp\/v2\/posts\/10377\/revisions"}],"predecessor-version":[{"id":10388,"href":"https:\/\/kravallslojd.se\/wordpress\/index.php?rest_route=\/wp\/v2\/posts\/10377\/revisions\/10388"}],"wp:attachment":[{"href":"https:\/\/kravallslojd.se\/wordpress\/index.php?rest_route=%2Fwp%2Fv2%2Fmedia&parent=10377"}],"wp:term":[{"taxonomy":"category","embeddable":true,"href":"https:\/\/kravallslojd.se\/wordpress\/index.php?rest_route=%2Fwp%2Fv2%2Fcategories&post=10377"},{"taxonomy":"post_tag","embeddable":true,"href":"https:\/\/kravallslojd.se\/wordpress\/index.php?rest_route=%2Fwp%2Fv2%2Ftags&post=10377"}],"curies":[{"name":"wp","href":"https:\/\/api.w.org\/{rel}","templated":true}]}}