{"id":1053,"date":"2008-12-15T09:00:25","date_gmt":"2008-12-15T07:00:25","guid":{"rendered":"http:\/\/kravallslojd.se\/bloggs2\/?p=1053"},"modified":"2008-12-15T09:00:25","modified_gmt":"2008-12-15T07:00:25","slug":"julpanik","status":"publish","type":"post","link":"https:\/\/kravallslojd.se\/wordpress\/?p=1053","title":{"rendered":"JULPANIK"},"content":{"rendered":"<p class=\"MsoNormal\" style=\"0cm 0cm 0pt;\"><span style=\"Verdana;\">I dag \u00e4r det allts\u00e5 m\u00e5ndagen den 15 december och julpaniken har f\u00e5tt tag i mig. Egentligen finns ingen anledning till julpanik, julklapparna \u00e4r k\u00f6pta s\u00e5 det \u00e4r bara maten och det som ska lagas till g\u00f6rs med f\u00f6rdel dagarna f\u00f6re julafton. Egentligen tror jag att julpaniken \u00e4r<span style=\"yes;\"> <\/span>ett resultat av en m\u00e5ng\u00e5rig vana. <\/span><\/p>\n<p class=\"MsoNormal\" style=\"0cm 0cm 0pt;\"><span style=\"Verdana;\"> <\/span><\/p>\n<p class=\"MsoNormal\" style=\"0cm 0cm 0pt;\"><span style=\"Verdana;\">Jag har, som s\u00e5 m\u00e5nga andra kvinnor i min \u00e5lder, varit ett offer f\u00f6r myten om den perfekta julen. Huset ska vara st\u00e4dat fr\u00e5n k\u00e4llare till vind, minsta sk\u00e5p ska vara putsat in i h\u00f6rnen, juldukar och gardiner ska vara strukna och s\u00e4ttas upp i god tid. Bullar och 7 sorters kakor f\u00f6r att inte tala om all mat som skulle lagas. Allt skulle g\u00f6ras f\u00f6r hand i samma tradition som mamma och mormor och mormorsmor trots heltidsarbete och barn. Dessutom f\u00f6rv\u00e4ntades man ju julpyssla med barnen s\u00e5 det gjorde jag med besked, jag pysslade med barn och v\u00e4nner hemma, jag anordnade pysselkv\u00e4ll p\u00e5 skolan, p\u00e5 dagis och p\u00e5 kvarterets ugndomsg\u00e5rd. Jag har ingen aning om hur jag orkade och egentligen s\u00e5 tror jag inte att jag orkade heller f\u00f6r p\u00e5 julaftons morgon var jag helt slut. Kulmen p\u00e5 all julhysteri kom det \u00e5r jag fick mitt tredje barn och omst\u00e4ndigheter som flytt, sjukdom och sp\u00e4dbarn gjorde att jag helt enkelt inte hade hunnit handla f\u00e4rdigt i anst\u00e4ndig tid. P\u00e5 julaftons f\u00f6rmiddag \u00e5kte jag och barnen till n\u00e4rmaste k\u00f6pcentrum f\u00f6r att avsluta julklapps och matink\u00f6pen. En nybliven hormonsvajig mamma med ett ton\u00e5rsmonster, ett mellanstadie-trotsbarn och ett sp\u00e4dbarn i ett k\u00f6pcentrum fullt med andra halvgalna m\u00e4nniskor kan bara betyda en sak. Katastrof!<\/span><\/p>\n<p class=\"MsoNormal\" style=\"0cm 0cm 0pt;\"><span style=\"Verdana;\"> <\/span><\/p>\n<p class=\"MsoNormal\" style=\"0cm 0cm 0pt;\"><span style=\"Verdana;\">Det slutade med att jag och mellanstadiebarnet gr\u00e4t av ilska, ton\u00e5rsmonstret skrek av ilska och sp\u00e4dbarnet sov som en stock, gudskelov. Vi fick i alla fall inhandlat allt som beh\u00f6vdes plus en hel del som inte beh\u00f6vdes, \u00e5kte hem under tystnad och v\u00e4l hemma lovade jag barnen att sluta julstressa p\u00e5 detta oerh\u00f6rda vis. Det l\u00f6ftet har jag ocks\u00e5 h\u00e5llit under dessa 20 \u00e5r som g\u00e5tt, fler och fler matr\u00e4tter har f\u00e5tt stryka p\u00e5 foten, julpysslet inskr\u00e4nker sig till det jag och barnen tycker \u00e4r roligt och det g\u00f6rs inom hemmet. Bakningen har f\u00f6renklats och matlagningen likas\u00e5, allt beh\u00f6ver inte g\u00f6ras hemma, det finns trots allt en hel del f\u00e4rdig julmat att k\u00f6pa. Trots att jag \u00e4r motst\u00e5ndare mot alla tillsatser som finns i f\u00e4rdigmaten s\u00e5 anser jag att vissa r\u00e4tter \u00e4ts s\u00e5 lite av under julen att det inte spelar n\u00e5n roll. <\/span><\/p>\n<p class=\"MsoNormal\" style=\"0cm 0cm 0pt;\"><span style=\"Verdana;\"> <\/span><\/p>\n<p class=\"MsoNormal\" style=\"0cm 0cm 0pt;\"><span style=\"Verdana;\">Trots det intar allts\u00e5 julpaniken scenen sista veckorna f\u00f6re jul men skillnaden mellan nu och d\u00e5 \u00e4r att jag h\u00e5ller den i schack. Jag till\u00e5ter mig inte att fara runt som en sk\u00e5llad r\u00e5tta f\u00f6r att f\u00e5 allt tip top, jag \u00e4r fr\u00e4ck nog att tro att familjen \u00e4lskar mig om \u00e4n inte allt \u00e4r genomst\u00e4dat. F\u00f6r att r\u00e5da bot p\u00e5 den v\u00e4rsta paniken tar jag fram garn och stickor och stickar lite tomtar. En lisa f\u00f6r sj\u00e4len och en gl\u00e4dje f\u00f6r de som har turen att f\u00e5 en liten tomte i julklapp. Det \u00e4r i alla fall ingen som blivit besviken&#8230;.\u00e4n:)<\/span><\/p>\n<p class=\"MsoNormal\" style=\"0cm 0cm 0pt;\"><span style=\"Verdana;\"><a href=\"http:\/\/kravallslojd.se\/bloggs2\/wp-content\/uploads\/2008\/12\/bloggbilder-090.jpg\" ><img decoding=\"async\" loading=\"lazy\" class=\"alignnone size-medium wp-image-1054\" src=\"http:\/\/kravallslojd.se\/bloggs2\/wp-content\/uploads\/2008\/12\/bloggbilder-090-300x225.jpg\" alt=\"\" width=\"300\" height=\"225\" \/><\/a><\/span><\/p>\n","protected":false},"excerpt":{"rendered":"<p>I dag \u00e4r det allts\u00e5 m\u00e5ndagen den 15 december och julpaniken har f\u00e5tt tag i mig. Egentligen finns ingen anledning till julpanik, julklapparna \u00e4r k\u00f6pta s\u00e5 det \u00e4r bara maten och det som ska lagas till g\u00f6rs med f\u00f6rdel dagarna f\u00f6re julafton. Egentligen tror jag att julpaniken \u00e4r ett resultat av en m\u00e5ng\u00e5rig vana. Jag [&hellip;]<\/p>\n","protected":false},"author":1,"featured_media":0,"comment_status":"open","ping_status":"open","sticky":false,"template":"","format":"standard","meta":[],"categories":[41],"tags":[],"_links":{"self":[{"href":"https:\/\/kravallslojd.se\/wordpress\/index.php?rest_route=\/wp\/v2\/posts\/1053"}],"collection":[{"href":"https:\/\/kravallslojd.se\/wordpress\/index.php?rest_route=\/wp\/v2\/posts"}],"about":[{"href":"https:\/\/kravallslojd.se\/wordpress\/index.php?rest_route=\/wp\/v2\/types\/post"}],"author":[{"embeddable":true,"href":"https:\/\/kravallslojd.se\/wordpress\/index.php?rest_route=\/wp\/v2\/users\/1"}],"replies":[{"embeddable":true,"href":"https:\/\/kravallslojd.se\/wordpress\/index.php?rest_route=%2Fwp%2Fv2%2Fcomments&post=1053"}],"version-history":[{"count":1,"href":"https:\/\/kravallslojd.se\/wordpress\/index.php?rest_route=\/wp\/v2\/posts\/1053\/revisions"}],"predecessor-version":[{"id":1055,"href":"https:\/\/kravallslojd.se\/wordpress\/index.php?rest_route=\/wp\/v2\/posts\/1053\/revisions\/1055"}],"wp:attachment":[{"href":"https:\/\/kravallslojd.se\/wordpress\/index.php?rest_route=%2Fwp%2Fv2%2Fmedia&parent=1053"}],"wp:term":[{"taxonomy":"category","embeddable":true,"href":"https:\/\/kravallslojd.se\/wordpress\/index.php?rest_route=%2Fwp%2Fv2%2Fcategories&post=1053"},{"taxonomy":"post_tag","embeddable":true,"href":"https:\/\/kravallslojd.se\/wordpress\/index.php?rest_route=%2Fwp%2Fv2%2Ftags&post=1053"}],"curies":[{"name":"wp","href":"https:\/\/api.w.org\/{rel}","templated":true}]}}