{"id":1056,"date":"2008-12-16T23:16:16","date_gmt":"2008-12-16T21:16:16","guid":{"rendered":"http:\/\/kravallslojd.se\/bloggs2\/?p=1056"},"modified":"2008-12-16T23:16:16","modified_gmt":"2008-12-16T21:16:16","slug":"mer-julbestyr","status":"publish","type":"post","link":"https:\/\/kravallslojd.se\/wordpress\/?p=1056","title":{"rendered":"Mer julbestyr"},"content":{"rendered":"<p>Julen \u00e4r den tid p\u00e5 \u00e5ret som lockar fram hantverkaren i dom flesta av oss. Det stickas sockor och vantar och m\u00f6ssort och tr\u00f6jor att ge bort i julklapp. Vad \u00e4r v\u00e4l b\u00e4ttre \u00e4n att f\u00e5 n\u00e5got som tillverkats med k\u00e4rlek och omsorg, inte f\u00f6r att jag var s\u00e4rskilt tacksam f\u00f6r mormors yllesockar eller vantar. Inte d\u00e5, men nu \u00e4r jag det f\u00f6r de var ju beviset p\u00e5 att hon brydde sig om mig. Hon hade lagt ner timmar av sin tid p\u00e5 att sticka och ibland \u00e4ven broder p\u00e5 mina vantar, hon ville att dom skulle vara fina och varma s\u00e5 att jag inte fr\u00f6s.<\/p>\n<p>Nu g\u00f6r jag likadant, jag stickar till barn och barnbarn och vet att i alla fall barnbarnet inte \u00e4r s\u00e5 himla imponerad.<\/p>\n<p>Det har dessutom n\u00e4stan blivit en liten industri att virka igen och d\u00e5 inte bara fina dukar och grytlappar. Nej nu ska det vara sm\u00e5 dockor och djur eller godisbitar, bakelser och bullar. De finns \u00f6verallt p\u00e5 n\u00e4tet dessa vansinnigt s\u00f6ta sm\u00e5 figurer som kallas amigurumi och t\u00e4nk s\u00e5 mycket roligare det \u00e4r att g\u00f6ra n\u00e5t s\u00e5nt n\u00e4r man ska l\u00e4ra sig virka. Men f\u00e5r ungarna g\u00f6ra det i skolan nu f\u00f6r tiden? Inte i den lilla by i urskogen d\u00e4r jag bor i alla fall, min son kom hem f\u00f6r ett par \u00e5r sedan med en l\u00e4xa fr\u00e5n\u00a0 textilsl\u00f6jden. Ett garnnystan, en virkn\u00e5l som inte passade garnet och en ca. decimeterl\u00e5ng lufmaskkedja. Den skulle han under lovet virka till minst en meter. Ja men hall\u00e5! Att virka med ganska tunt garn och en alldeles f\u00f6r kraftig virkn\u00e5l var ju inte precis n\u00e5n h\u00f6jdare, att dessutom virka luftmaskor i en o\u00e4ndlighet var inte precis inspirerande. Man formar inte direkt framtida sl\u00f6jdare och hantverkare p\u00e5 det s\u00e4ttet. N\u00e4r jag fr\u00e5gade om alla skulle virka en meterl\u00e5ng mask till ingen nytta svarade han att tjejerna kunde ju redan s\u00e5 dom fick g\u00f6ra roliga grejor. Min personliga teori \u00e4r att hon satte grabbarna p\u00e5 ett evighetsarbete med den fromma f\u00f6rhoppningen att det skulle ta hela terminen och hon skulle slippa ta itu med invecklade f\u00f6rklaringar av f\u00f6rkortningarna i ett m\u00f6nster t.ex.<\/p>\n<p>Sj\u00e4v gick jag i skolan f\u00f6r hundra \u00e5r sedan ungef\u00e4r men d\u00e5 fick vi i uppgift att virka en liten lapp, ungef\u00e4r 5*5 cm. Om det var lika m\u00e5nga fastmaskor p\u00e5 sista varvet som p\u00e5 f\u00f6rsta s\u00e5 fick vi v\u00e4lja n\u00e5got eget att virka. Jag gick i tredje klass s\u00e5 jag virkade en v\u00e4ska till Barbie, n\u00e4r min fr\u00f6ken p\u00e5pekade att v\u00e4ska var vidare upptill s\u00e5 p\u00e5stod jag helt fr\u00e4ckt att det var en strandv\u00e4ska och den skulle se ut s\u00e5. Det var det enda frivilliga jag tillverkade under hela skoltiden. D\u00e4remot b\u00e5de virkade jag och stickade hemma f\u00f6r d\u00e4r fick jag st\u00f6rre frihet att v\u00e4lja. \u00c4ven som ton\u00e5ring var mitt f\u00f6rh\u00e5llningss\u00e4tt detsamma, jag maskade och br\u00e5kade p\u00e5 lektionerna f\u00f6r att sedan g\u00e5 hem och sy mig ett par byxor i ett tyg som jag sj\u00e4lv valt efter ett m\u00f6nster jag sj\u00e4lv valt. Visserligen kanske mina probleml\u00f6sningar var en smula oortodoxa och avisidan p\u00e5 mina plagg kanske inte g\u00e5tt igenom n\u00e5ls\u00f6gat hos min str\u00e4nga l\u00e4rarinna. Men dom h\u00f6ll ihop och funkade utm\u00e4rkt.<\/p>\n<p>Jag kan bara hoppas p\u00e5 att man f\u00e5r st\u00f6rre frihet att v\u00e4lja i skolsl\u00f6jden i framtiden, b\u00e5de killar och tjejer och att man f\u00e5r l\u00e4rare med en \u00e4ngels t\u00e5lamod f\u00f6r det beh\u00f6vs n\u00e4r man har med barn att g\u00f6ra. Speciellt uttr\u00e5kade pojkar som roar sig med att f\u00f6rs\u00f6ka pilla in s\u00e5 m\u00e5nga knappn\u00e5lar som m\u00f6jligt i spolhuset p\u00e5 skolans nyaste symaskin.<\/p>\n<p><div id=\"attachment_1057\" style=\"width: 310px\" class=\"wp-caption alignnone\"><a href=\"http:\/\/kravallslojd.se\/bloggs2\/wp-content\/uploads\/2008\/12\/bloggbilder-042.jpg\" ><img aria-describedby=\"caption-attachment-1057\" decoding=\"async\" loading=\"lazy\" class=\"size-medium wp-image-1057\" src=\"http:\/\/kravallslojd.se\/bloggs2\/wp-content\/uploads\/2008\/12\/bloggbilder-042-300x225.jpg\" alt=\"till jul passar det v\u00e4l med virkade hj\u00e4rtan och sn\u00f6stj\u00e4rnor\" width=\"300\" height=\"225\" \/><\/a><p id=\"caption-attachment-1057\" class=\"wp-caption-text\">till jul passar det v\u00e4l med virkade hj\u00e4rtan och sn\u00f6stj\u00e4rnor<\/p><\/div><\/p>\n","protected":false},"excerpt":{"rendered":"<p>Julen \u00e4r den tid p\u00e5 \u00e5ret som lockar fram hantverkaren i dom flesta av oss. Det stickas sockor och vantar och m\u00f6ssort och tr\u00f6jor att ge bort i julklapp. Vad \u00e4r v\u00e4l b\u00e4ttre \u00e4n att f\u00e5 n\u00e5got som tillverkats med k\u00e4rlek och omsorg, inte f\u00f6r att jag var s\u00e4rskilt tacksam f\u00f6r mormors yllesockar eller vantar. [&hellip;]<\/p>\n","protected":false},"author":1,"featured_media":0,"comment_status":"open","ping_status":"open","sticky":false,"template":"","format":"standard","meta":[],"categories":[41],"tags":[],"_links":{"self":[{"href":"https:\/\/kravallslojd.se\/wordpress\/index.php?rest_route=\/wp\/v2\/posts\/1056"}],"collection":[{"href":"https:\/\/kravallslojd.se\/wordpress\/index.php?rest_route=\/wp\/v2\/posts"}],"about":[{"href":"https:\/\/kravallslojd.se\/wordpress\/index.php?rest_route=\/wp\/v2\/types\/post"}],"author":[{"embeddable":true,"href":"https:\/\/kravallslojd.se\/wordpress\/index.php?rest_route=\/wp\/v2\/users\/1"}],"replies":[{"embeddable":true,"href":"https:\/\/kravallslojd.se\/wordpress\/index.php?rest_route=%2Fwp%2Fv2%2Fcomments&post=1056"}],"version-history":[{"count":1,"href":"https:\/\/kravallslojd.se\/wordpress\/index.php?rest_route=\/wp\/v2\/posts\/1056\/revisions"}],"predecessor-version":[{"id":1058,"href":"https:\/\/kravallslojd.se\/wordpress\/index.php?rest_route=\/wp\/v2\/posts\/1056\/revisions\/1058"}],"wp:attachment":[{"href":"https:\/\/kravallslojd.se\/wordpress\/index.php?rest_route=%2Fwp%2Fv2%2Fmedia&parent=1056"}],"wp:term":[{"taxonomy":"category","embeddable":true,"href":"https:\/\/kravallslojd.se\/wordpress\/index.php?rest_route=%2Fwp%2Fv2%2Fcategories&post=1056"},{"taxonomy":"post_tag","embeddable":true,"href":"https:\/\/kravallslojd.se\/wordpress\/index.php?rest_route=%2Fwp%2Fv2%2Ftags&post=1056"}],"curies":[{"name":"wp","href":"https:\/\/api.w.org\/{rel}","templated":true}]}}