{"id":1059,"date":"2008-12-18T00:50:46","date_gmt":"2008-12-17T22:50:46","guid":{"rendered":"http:\/\/kravallslojd.se\/bloggs2\/?p=1059"},"modified":"2008-12-18T00:50:46","modified_gmt":"2008-12-17T22:50:46","slug":"syambivalens","status":"publish","type":"post","link":"https:\/\/kravallslojd.se\/wordpress\/?p=1059","title":{"rendered":"Syambivalens"},"content":{"rendered":"<p>Jag hatar att sy!! Jo, s\u00e5 \u00e4r det men jag \u00e4lskar att sy&#8230;ocks\u00e5. Det \u00e4r v\u00e4l s\u00e5nt som kallas ambivalens.<\/p>\n<p>Att sy nyttiga saker som kl\u00e4der och gardiner och sy i dragkedjor \u00e4r s\u00e5\u00e5\u00e5\u00e5 m\u00f6rdande tr\u00e5kigt att jag kan d\u00f6. Men om jag f\u00e5r s\u00e4tta mig och sy dockor, nallar eller \u00e4nnu hellre lappt\u00e4cken, d\u00e5 kan jag bli sittande tills kroppen \u00e4r stel och hungern sliter i tarmarna.<\/p>\n<p>Vad \u00e4r det som f\u00e5r mig att tycka om att f\u00f6rst sk\u00e4ra s\u00f6nder ett tyg i sm\u00e5bitar f\u00f6r att sedan sy ihop allt i mer eller mindre invecklade m\u00f6nster. Jag tror att det \u00e4r sj\u00e4lva hantverket som \u00e4r grejen f\u00f6r mig, utmaningen att kombinera r\u00e4tt f\u00e4rger och m\u00f6nster till en ny helhet. Det \u00e4r det som g\u00f6r att jag kan sitta hur l\u00e4nge som helst. Att sy ett av lappar \u00e4r dessutom milj\u00f6v\u00e4nligt, det handlar om \u00e5tervinning, att anv\u00e4nda saker flera g\u00e5nger till helt nya \u00e4ndam\u00e5l. Mina sommarblusar och en gammal gardin kan bli en v\u00e4ska och en duk, barnens urvuxna kl\u00e4der blir ett nostalgit\u00e4cke d\u00e4r man kan f\u00f6lja hela barndomen.<\/p>\n<p>Visst kan man anv\u00e4nda nya tyger ocks\u00e5, sj\u00e4lv brukar jag ofta anv\u00e4nda b\u00e5de och f\u00f6r att f\u00e5 dom r\u00e4tta f\u00e4rgerna och val\u00f6rerna. Man kan leka med skuggor och former i all o\u00e4ndlighet men man kan ocks\u00e5 bara sy den vanliga blockhusrutan utan krusiduller.\u00a0Jag \u00a0kan sy n\u00e4stan vad som helst i lappteknik, det \u00e4r bara fantasin som s\u00e4tter gr\u00e4nser och till och med en gardin blir rolig att sy om jag anv\u00e4nder lappteknik.<\/p>\n<p>Vilka tyger och m\u00f6nster jag \u00e4n anv\u00e4nder s\u00e5 l\u00e4gger jag ner en del av min sj\u00e4l i arbetet. S\u00e5 blir ocks\u00e5 resultatet s\u00e5 mycket b\u00e4ttre \u00e4n\u00a0 om jag m\u00e5ste tv\u00e5ngssy\u00a0ett par arbetsbyxor\u00a0som jag inte k\u00e4nner n\u00e5got f\u00f6r.<\/p>\n<p><a href=\"http:\/\/kravallslojd.se\/bloggs2\/wp-content\/uploads\/2008\/12\/adams-tacke1.jpg\" ><img decoding=\"async\" loading=\"lazy\" class=\"alignnone size-medium wp-image-1061\" src=\"http:\/\/kravallslojd.se\/bloggs2\/wp-content\/uploads\/2008\/12\/adams-tacke1-300x199.jpg\" alt=\"\" width=\"300\" height=\"199\" \/><\/a> <a href=\"http:\/\/kravallslojd.se\/bloggs2\/wp-content\/uploads\/2008\/12\/bloggbilder-065.jpg\" ><img decoding=\"async\" loading=\"lazy\" class=\"alignnone size-medium wp-image-1062\" src=\"http:\/\/kravallslojd.se\/bloggs2\/wp-content\/uploads\/2008\/12\/bloggbilder-065-225x300.jpg\" alt=\"\" width=\"225\" height=\"300\" \/><\/a><a href=\"http:\/\/kravallslojd.se\/bloggs2\/wp-content\/uploads\/2008\/12\/adams-tacke.jpg\" ><\/a><\/p>\n","protected":false},"excerpt":{"rendered":"<p>Jag hatar att sy!! Jo, s\u00e5 \u00e4r det men jag \u00e4lskar att sy&#8230;ocks\u00e5. Det \u00e4r v\u00e4l s\u00e5nt som kallas ambivalens. Att sy nyttiga saker som kl\u00e4der och gardiner och sy i dragkedjor \u00e4r s\u00e5\u00e5\u00e5\u00e5 m\u00f6rdande tr\u00e5kigt att jag kan d\u00f6. Men om jag f\u00e5r s\u00e4tta mig och sy dockor, nallar eller \u00e4nnu hellre lappt\u00e4cken, d\u00e5 [&hellip;]<\/p>\n","protected":false},"author":1,"featured_media":0,"comment_status":"open","ping_status":"open","sticky":false,"template":"","format":"standard","meta":[],"categories":[41],"tags":[],"_links":{"self":[{"href":"https:\/\/kravallslojd.se\/wordpress\/index.php?rest_route=\/wp\/v2\/posts\/1059"}],"collection":[{"href":"https:\/\/kravallslojd.se\/wordpress\/index.php?rest_route=\/wp\/v2\/posts"}],"about":[{"href":"https:\/\/kravallslojd.se\/wordpress\/index.php?rest_route=\/wp\/v2\/types\/post"}],"author":[{"embeddable":true,"href":"https:\/\/kravallslojd.se\/wordpress\/index.php?rest_route=\/wp\/v2\/users\/1"}],"replies":[{"embeddable":true,"href":"https:\/\/kravallslojd.se\/wordpress\/index.php?rest_route=%2Fwp%2Fv2%2Fcomments&post=1059"}],"version-history":[{"count":1,"href":"https:\/\/kravallslojd.se\/wordpress\/index.php?rest_route=\/wp\/v2\/posts\/1059\/revisions"}],"predecessor-version":[{"id":1063,"href":"https:\/\/kravallslojd.se\/wordpress\/index.php?rest_route=\/wp\/v2\/posts\/1059\/revisions\/1063"}],"wp:attachment":[{"href":"https:\/\/kravallslojd.se\/wordpress\/index.php?rest_route=%2Fwp%2Fv2%2Fmedia&parent=1059"}],"wp:term":[{"taxonomy":"category","embeddable":true,"href":"https:\/\/kravallslojd.se\/wordpress\/index.php?rest_route=%2Fwp%2Fv2%2Fcategories&post=1059"},{"taxonomy":"post_tag","embeddable":true,"href":"https:\/\/kravallslojd.se\/wordpress\/index.php?rest_route=%2Fwp%2Fv2%2Ftags&post=1059"}],"curies":[{"name":"wp","href":"https:\/\/api.w.org\/{rel}","templated":true}]}}